{"id":1922,"date":"2020-07-21T09:33:45","date_gmt":"2020-07-21T07:33:45","guid":{"rendered":"https:\/\/www.autisme.com\/2020\/07\/21\/rendiment-de-comptes-campanya-episxte\/"},"modified":"2020-07-21T12:12:12","modified_gmt":"2020-07-21T10:12:12","slug":"campanya-episxtea","status":"publish","type":"post","link":"https:\/\/www.autisme.com\/es\/campanya-episxtea\/","title":{"rendered":"Campa\u00f1a EPISxTEA"},"content":{"rendered":"<p><strong>RETO CONSEGUIDO!<\/strong><\/p>\n<p><strong>#EPISxTEA<\/strong>: porque las personas con autismo no entienden de distancias de seguridad, protej\u00e1moslos del COVID19<\/p>\n<p>Bajo el lema \u00ab<strong>#EPISxTEA<\/strong>: porque no entienden de distancias de seguridad\u00bb, la <a href=\"https:\/\/www.autismefundacio.com\" target=\"_blank\" rel=\"noopener noreferrer\">Fundaci\u00f3n Congost Autismo<\/a> impuls\u00f3 una campa\u00f1a de captaci\u00f3n de fondos para hacer frente a gastos excepcionales para la adquisici\u00f3n de mascarillas, batas y soluciones hidroalcoh\u00f3licas, elementos imprescindibles para proteger a los usuarios de la red de servicios de <strong>autismo la garriga<\/strong> y los profesionales que los atienden, de la COVID19.<\/p>\n<p>Es dif\u00edcil no poder abrazar las personas que quieres cuando las tienes al borde. Pero es el hemos tenido que hacer, por responsabilidad, por solidaridad, por la salud de todos, para luchar contra la COVID19. Julia, Sergio y sus compa\u00f1eros de autismo la garriga no entienden de distancias de seguridad. Est\u00e1n gravemente afectados por el autismo. Los equipamientos de protecci\u00f3n individual son el elemento imprescindible para ellos y para los profesionales que los atienden.<\/p>\n<p><img loading=\"lazy\" decoding=\"async\" class=\"wp-image-1909 size-medium alignnone\" src=\"https:\/\/www.autisme.com\/wp-content\/uploads\/2020\/07\/Foto01-300x284.jpg\" alt=\"\" width=\"300\" height=\"284\" srcset=\"https:\/\/www.autisme.com\/wp-content\/uploads\/2020\/07\/Foto01-300x284.jpg 300w, https:\/\/www.autisme.com\/wp-content\/uploads\/2020\/07\/Foto01.jpg 382w\" sizes=\"auto, (max-width: 300px) 100vw, 300px\" \/>\u00a0 <img loading=\"lazy\" decoding=\"async\" class=\"wp-image-1912 size-medium alignnone\" src=\"https:\/\/www.autisme.com\/wp-content\/uploads\/2020\/07\/Foto02-300x282.jpg\" alt=\"\" width=\"300\" height=\"282\" srcset=\"https:\/\/www.autisme.com\/wp-content\/uploads\/2020\/07\/Foto02-300x282.jpg 300w, https:\/\/www.autisme.com\/wp-content\/uploads\/2020\/07\/Foto02.jpg 433w\" sizes=\"auto, (max-width: 300px) 100vw, 300px\" \/><img loading=\"lazy\" decoding=\"async\" class=\"wp-image-1915 size-medium alignnone\" src=\"https:\/\/www.autisme.com\/wp-content\/uploads\/2020\/07\/Foto03-300x286.jpg\" alt=\"\" width=\"300\" height=\"286\" srcset=\"https:\/\/www.autisme.com\/wp-content\/uploads\/2020\/07\/Foto03-300x286.jpg 300w, https:\/\/www.autisme.com\/wp-content\/uploads\/2020\/07\/Foto03.jpg 390w\" sizes=\"auto, (max-width: 300px) 100vw, 300px\" \/><\/p>\n<p>El reto era conseguir 12.626 \u20ac, de los que se han conseguido 4.130 \u20ac a trav\u00e9s de la plataforma <a href=\"https:\/\/www.migranodearena.org\" target=\"_blank\" rel=\"noopener noreferrer\">Migranodearena.org<\/a>, 5.000 \u20ac gracias a la Fundaci\u00f3n Banco Santander, y 2.150 \u20ac por donativos de particulares que han llegado directamente a trav\u00e9s de nuestros canales habituales. El importe restante se cubrir\u00e1 con fondos propios.<\/p>\n<p><img loading=\"lazy\" decoding=\"async\" class=\"alignnone size-medium wp-image-1899\" src=\"https:\/\/www.autisme.com\/wp-content\/uploads\/2020\/07\/6-300x300.png\" alt=\"\" width=\"300\" height=\"300\" srcset=\"https:\/\/www.autisme.com\/wp-content\/uploads\/2020\/07\/6-300x300.png 300w, https:\/\/www.autisme.com\/wp-content\/uploads\/2020\/07\/6-150x150.png 150w, https:\/\/www.autisme.com\/wp-content\/uploads\/2020\/07\/6-768x768.png 768w, https:\/\/www.autisme.com\/wp-content\/uploads\/2020\/07\/6-1024x1024.png 1024w, https:\/\/www.autisme.com\/wp-content\/uploads\/2020\/07\/6.png 1080w\" sizes=\"auto, (max-width: 300px) 100vw, 300px\" \/>\u00a0 \u00a0 <img loading=\"lazy\" decoding=\"async\" class=\"alignnone size-medium wp-image-1902\" src=\"https:\/\/www.autisme.com\/wp-content\/uploads\/2020\/07\/Mi-grano-de-arena-resultat-300x295.jpg\" alt=\"\" width=\"300\" height=\"295\" srcset=\"https:\/\/www.autisme.com\/wp-content\/uploads\/2020\/07\/Mi-grano-de-arena-resultat-300x295.jpg 300w, https:\/\/www.autisme.com\/wp-content\/uploads\/2020\/07\/Mi-grano-de-arena-resultat.jpg 477w\" sizes=\"auto, (max-width: 300px) 100vw, 300px\" \/><\/p>\n<p>Desde autismo la garriga, queremos dar las GRACIAS a todas aquellas personas que han colaborado haciendo donativos y haciendo difusi\u00f3n de la iniciativa, as\u00ed como a todas las personas y entidades que han dado material, como la asociaci\u00f3n Puente China, las empresas Lucta, COEMMO y Logolate, la Confederaci\u00f3n Autismo Espa\u00f1a, el ayuntamiento de la Garriga, el Consejo para la Rep\u00fablica, la farmacia Su\u00f1ol, el CAP de la Garriga, el Colegio de M\u00e9dicos de Barcelona, Sanitarios por la Rep\u00fablica, el grupo de Costureras solidarias de la Garriga y de Lli\u00e7\u00e0 de Munt, OpenArms, la pasteler\u00eda San Jorge de la Ametlla del Vall\u00e8s, T-Bikes, familiares de los residentes en hogar Cae Blanco y hogar Cottet, y muchos m\u00e1s. Sus aportaciones van directamente a proteger la vida de personas con autismo y la de los profesionales que las atienden.<\/p>\n","protected":false},"excerpt":{"rendered":"<p>RETO CONSEGUIDO! #EPISxTEA: porque las personas con autismo no entienden de distancias de seguridad, protej\u00e1moslos del COVID19 Bajo el lema \u00ab#EPISxTEA: porque no entienden de distancias de seguridad\u00bb, la Fundaci\u00f3n Congost Autismo impuls\u00f3 una campa\u00f1a de captaci\u00f3n de fondos para hacer frente a gastos excepcionales para la adquisici\u00f3n de mascarillas, batas y soluciones hidroalcoh\u00f3licas, elementos&hellip;<\/p>\n","protected":false},"author":1,"featured_media":1908,"comment_status":"closed","ping_status":"closed","sticky":false,"template":"","format":"standard","meta":{"footnotes":""},"categories":[6],"tags":[],"class_list":["post-1922","post","type-post","status-publish","format-standard","has-post-thumbnail","hentry","category-sin-categorizar","category-6","description-off"],"yoast_head":"<!-- This site is optimized with the Yoast SEO plugin v27.4 - https:\/\/yoast.com\/product\/yoast-seo-wordpress\/ -->\n<title>Campa\u00f1a EPISxTEA - Autisme la Garriga<\/title>\n<meta name=\"robots\" content=\"index, follow, max-snippet:-1, max-image-preview:large, max-video-preview:-1\" \/>\n<link rel=\"canonical\" href=\"https:\/\/www.autisme.com\/es\/campanya-episxtea\/\" \/>\n<meta property=\"og:locale\" content=\"es_ES\" \/>\n<meta property=\"og:type\" content=\"article\" \/>\n<meta property=\"og:title\" content=\"Campa\u00f1a EPISxTEA - Autisme la Garriga\" \/>\n<meta property=\"og:description\" content=\"RETO CONSEGUIDO! #EPISxTEA: porque las personas con autismo no entienden de distancias de seguridad, protej\u00e1moslos del COVID19 Bajo el lema \u00ab#EPISxTEA: porque no entienden de distancias de seguridad\u00bb, la Fundaci\u00f3n Congost Autismo impuls\u00f3 una campa\u00f1a de captaci\u00f3n de fondos para hacer frente a gastos excepcionales para la adquisici\u00f3n de mascarillas, batas y soluciones hidroalcoh\u00f3licas, elementos&hellip;\" \/>\n<meta property=\"og:url\" content=\"https:\/\/www.autisme.com\/es\/campanya-episxtea\/\" \/>\n<meta property=\"og:site_name\" content=\"Autisme la Garriga\" \/>\n<meta property=\"article:published_time\" content=\"2020-07-21T07:33:45+00:00\" \/>\n<meta property=\"article:modified_time\" content=\"2020-07-21T10:12:12+00:00\" \/>\n<meta property=\"og:image\" content=\"https:\/\/www.autisme.com\/wp-content\/uploads\/2020\/07\/Gr\u00e0cies.jpg\" \/>\n\t<meta property=\"og:image:width\" content=\"1770\" \/>\n\t<meta property=\"og:image:height\" content=\"875\" \/>\n\t<meta property=\"og:image:type\" content=\"image\/jpeg\" \/>\n<meta name=\"author\" content=\"autisme.com\" \/>\n<meta name=\"twitter:card\" content=\"summary_large_image\" \/>\n<meta name=\"twitter:label1\" content=\"Escrito por\" \/>\n\t<meta name=\"twitter:data1\" content=\"autisme.com\" \/>\n\t<meta name=\"twitter:label2\" content=\"Tiempo de lectura\" \/>\n\t<meta name=\"twitter:data2\" content=\"2 minutos\" \/>\n<script type=\"application\/ld+json\" class=\"yoast-schema-graph\">{\"@context\":\"https:\\\/\\\/schema.org\",\"@graph\":[{\"@type\":\"Article\",\"@id\":\"https:\\\/\\\/www.autisme.com\\\/es\\\/campanya-episxtea\\\/#article\",\"isPartOf\":{\"@id\":\"https:\\\/\\\/www.autisme.com\\\/es\\\/campanya-episxtea\\\/\"},\"author\":{\"name\":\"autisme.com\",\"@id\":\"https:\\\/\\\/www.autisme.com\\\/es\\\/#\\\/schema\\\/person\\\/068da86cb8b099939af2900fd1daf9a1\"},\"headline\":\"Campa\u00f1a EPISxTEA\",\"datePublished\":\"2020-07-21T07:33:45+00:00\",\"dateModified\":\"2020-07-21T10:12:12+00:00\",\"mainEntityOfPage\":{\"@id\":\"https:\\\/\\\/www.autisme.com\\\/es\\\/campanya-episxtea\\\/\"},\"wordCount\":362,\"image\":{\"@id\":\"https:\\\/\\\/www.autisme.com\\\/es\\\/campanya-episxtea\\\/#primaryimage\"},\"thumbnailUrl\":\"https:\\\/\\\/www.autisme.com\\\/wp-content\\\/uploads\\\/2020\\\/07\\\/Gr\u00e0cies.jpg\",\"articleSection\":[\"Sin categorizar\"],\"inLanguage\":\"es\"},{\"@type\":\"WebPage\",\"@id\":\"https:\\\/\\\/www.autisme.com\\\/es\\\/campanya-episxtea\\\/\",\"url\":\"https:\\\/\\\/www.autisme.com\\\/es\\\/campanya-episxtea\\\/\",\"name\":\"Campa\u00f1a EPISxTEA - Autisme la Garriga\",\"isPartOf\":{\"@id\":\"https:\\\/\\\/www.autisme.com\\\/es\\\/#website\"},\"primaryImageOfPage\":{\"@id\":\"https:\\\/\\\/www.autisme.com\\\/es\\\/campanya-episxtea\\\/#primaryimage\"},\"image\":{\"@id\":\"https:\\\/\\\/www.autisme.com\\\/es\\\/campanya-episxtea\\\/#primaryimage\"},\"thumbnailUrl\":\"https:\\\/\\\/www.autisme.com\\\/wp-content\\\/uploads\\\/2020\\\/07\\\/Gr\u00e0cies.jpg\",\"datePublished\":\"2020-07-21T07:33:45+00:00\",\"dateModified\":\"2020-07-21T10:12:12+00:00\",\"author\":{\"@id\":\"https:\\\/\\\/www.autisme.com\\\/es\\\/#\\\/schema\\\/person\\\/068da86cb8b099939af2900fd1daf9a1\"},\"breadcrumb\":{\"@id\":\"https:\\\/\\\/www.autisme.com\\\/es\\\/campanya-episxtea\\\/#breadcrumb\"},\"inLanguage\":\"es\",\"potentialAction\":[{\"@type\":\"ReadAction\",\"target\":[\"https:\\\/\\\/www.autisme.com\\\/es\\\/campanya-episxtea\\\/\"]}]},{\"@type\":\"ImageObject\",\"inLanguage\":\"es\",\"@id\":\"https:\\\/\\\/www.autisme.com\\\/es\\\/campanya-episxtea\\\/#primaryimage\",\"url\":\"https:\\\/\\\/www.autisme.com\\\/wp-content\\\/uploads\\\/2020\\\/07\\\/Gr\u00e0cies.jpg\",\"contentUrl\":\"https:\\\/\\\/www.autisme.com\\\/wp-content\\\/uploads\\\/2020\\\/07\\\/Gr\u00e0cies.jpg\",\"width\":1770,\"height\":875},{\"@type\":\"BreadcrumbList\",\"@id\":\"https:\\\/\\\/www.autisme.com\\\/es\\\/campanya-episxtea\\\/#breadcrumb\",\"itemListElement\":[{\"@type\":\"ListItem\",\"position\":1,\"name\":\"Inici\",\"item\":\"https:\\\/\\\/www.autisme.com\\\/es\\\/\"},{\"@type\":\"ListItem\",\"position\":2,\"name\":\"Campa\u00f1a EPISxTEA\"}]},{\"@type\":\"WebSite\",\"@id\":\"https:\\\/\\\/www.autisme.com\\\/es\\\/#website\",\"url\":\"https:\\\/\\\/www.autisme.com\\\/es\\\/\",\"name\":\"Autisme la Garriga\",\"description\":\"\",\"potentialAction\":[{\"@type\":\"SearchAction\",\"target\":{\"@type\":\"EntryPoint\",\"urlTemplate\":\"https:\\\/\\\/www.autisme.com\\\/es\\\/?s={search_term_string}\"},\"query-input\":{\"@type\":\"PropertyValueSpecification\",\"valueRequired\":true,\"valueName\":\"search_term_string\"}}],\"inLanguage\":\"es\"},{\"@type\":\"Person\",\"@id\":\"https:\\\/\\\/www.autisme.com\\\/es\\\/#\\\/schema\\\/person\\\/068da86cb8b099939af2900fd1daf9a1\",\"name\":\"autisme.com\",\"image\":{\"@type\":\"ImageObject\",\"inLanguage\":\"es\",\"@id\":\"https:\\\/\\\/secure.gravatar.com\\\/avatar\\\/743ede46259318efc7b0b783aab3a074cfb77aceb9250f4924c6ea2f9ba8334d?s=96&d=mm&r=g\",\"url\":\"https:\\\/\\\/secure.gravatar.com\\\/avatar\\\/743ede46259318efc7b0b783aab3a074cfb77aceb9250f4924c6ea2f9ba8334d?s=96&d=mm&r=g\",\"contentUrl\":\"https:\\\/\\\/secure.gravatar.com\\\/avatar\\\/743ede46259318efc7b0b783aab3a074cfb77aceb9250f4924c6ea2f9ba8334d?s=96&d=mm&r=g\",\"caption\":\"autisme.com\"}}]}<\/script>\n<!-- \/ Yoast SEO plugin. -->","yoast_head_json":{"title":"Campa\u00f1a EPISxTEA - Autisme la Garriga","robots":{"index":"index","follow":"follow","max-snippet":"max-snippet:-1","max-image-preview":"max-image-preview:large","max-video-preview":"max-video-preview:-1"},"canonical":"https:\/\/www.autisme.com\/es\/campanya-episxtea\/","og_locale":"es_ES","og_type":"article","og_title":"Campa\u00f1a EPISxTEA - Autisme la Garriga","og_description":"RETO CONSEGUIDO! #EPISxTEA: porque las personas con autismo no entienden de distancias de seguridad, protej\u00e1moslos del COVID19 Bajo el lema \u00ab#EPISxTEA: porque no entienden de distancias de seguridad\u00bb, la Fundaci\u00f3n Congost Autismo impuls\u00f3 una campa\u00f1a de captaci\u00f3n de fondos para hacer frente a gastos excepcionales para la adquisici\u00f3n de mascarillas, batas y soluciones hidroalcoh\u00f3licas, elementos&hellip;","og_url":"https:\/\/www.autisme.com\/es\/campanya-episxtea\/","og_site_name":"Autisme la Garriga","article_published_time":"2020-07-21T07:33:45+00:00","article_modified_time":"2020-07-21T10:12:12+00:00","og_image":[{"width":1770,"height":875,"url":"https:\/\/www.autisme.com\/wp-content\/uploads\/2020\/07\/Gr\u00e0cies.jpg","type":"image\/jpeg"}],"author":"autisme.com","twitter_card":"summary_large_image","twitter_misc":{"Escrito por":"autisme.com","Tiempo de lectura":"2 minutos"},"schema":{"@context":"https:\/\/schema.org","@graph":[{"@type":"Article","@id":"https:\/\/www.autisme.com\/es\/campanya-episxtea\/#article","isPartOf":{"@id":"https:\/\/www.autisme.com\/es\/campanya-episxtea\/"},"author":{"name":"autisme.com","@id":"https:\/\/www.autisme.com\/es\/#\/schema\/person\/068da86cb8b099939af2900fd1daf9a1"},"headline":"Campa\u00f1a EPISxTEA","datePublished":"2020-07-21T07:33:45+00:00","dateModified":"2020-07-21T10:12:12+00:00","mainEntityOfPage":{"@id":"https:\/\/www.autisme.com\/es\/campanya-episxtea\/"},"wordCount":362,"image":{"@id":"https:\/\/www.autisme.com\/es\/campanya-episxtea\/#primaryimage"},"thumbnailUrl":"https:\/\/www.autisme.com\/wp-content\/uploads\/2020\/07\/Gr\u00e0cies.jpg","articleSection":["Sin categorizar"],"inLanguage":"es"},{"@type":"WebPage","@id":"https:\/\/www.autisme.com\/es\/campanya-episxtea\/","url":"https:\/\/www.autisme.com\/es\/campanya-episxtea\/","name":"Campa\u00f1a EPISxTEA - Autisme la Garriga","isPartOf":{"@id":"https:\/\/www.autisme.com\/es\/#website"},"primaryImageOfPage":{"@id":"https:\/\/www.autisme.com\/es\/campanya-episxtea\/#primaryimage"},"image":{"@id":"https:\/\/www.autisme.com\/es\/campanya-episxtea\/#primaryimage"},"thumbnailUrl":"https:\/\/www.autisme.com\/wp-content\/uploads\/2020\/07\/Gr\u00e0cies.jpg","datePublished":"2020-07-21T07:33:45+00:00","dateModified":"2020-07-21T10:12:12+00:00","author":{"@id":"https:\/\/www.autisme.com\/es\/#\/schema\/person\/068da86cb8b099939af2900fd1daf9a1"},"breadcrumb":{"@id":"https:\/\/www.autisme.com\/es\/campanya-episxtea\/#breadcrumb"},"inLanguage":"es","potentialAction":[{"@type":"ReadAction","target":["https:\/\/www.autisme.com\/es\/campanya-episxtea\/"]}]},{"@type":"ImageObject","inLanguage":"es","@id":"https:\/\/www.autisme.com\/es\/campanya-episxtea\/#primaryimage","url":"https:\/\/www.autisme.com\/wp-content\/uploads\/2020\/07\/Gr\u00e0cies.jpg","contentUrl":"https:\/\/www.autisme.com\/wp-content\/uploads\/2020\/07\/Gr\u00e0cies.jpg","width":1770,"height":875},{"@type":"BreadcrumbList","@id":"https:\/\/www.autisme.com\/es\/campanya-episxtea\/#breadcrumb","itemListElement":[{"@type":"ListItem","position":1,"name":"Inici","item":"https:\/\/www.autisme.com\/es\/"},{"@type":"ListItem","position":2,"name":"Campa\u00f1a EPISxTEA"}]},{"@type":"WebSite","@id":"https:\/\/www.autisme.com\/es\/#website","url":"https:\/\/www.autisme.com\/es\/","name":"Autisme la Garriga","description":"","potentialAction":[{"@type":"SearchAction","target":{"@type":"EntryPoint","urlTemplate":"https:\/\/www.autisme.com\/es\/?s={search_term_string}"},"query-input":{"@type":"PropertyValueSpecification","valueRequired":true,"valueName":"search_term_string"}}],"inLanguage":"es"},{"@type":"Person","@id":"https:\/\/www.autisme.com\/es\/#\/schema\/person\/068da86cb8b099939af2900fd1daf9a1","name":"autisme.com","image":{"@type":"ImageObject","inLanguage":"es","@id":"https:\/\/secure.gravatar.com\/avatar\/743ede46259318efc7b0b783aab3a074cfb77aceb9250f4924c6ea2f9ba8334d?s=96&d=mm&r=g","url":"https:\/\/secure.gravatar.com\/avatar\/743ede46259318efc7b0b783aab3a074cfb77aceb9250f4924c6ea2f9ba8334d?s=96&d=mm&r=g","contentUrl":"https:\/\/secure.gravatar.com\/avatar\/743ede46259318efc7b0b783aab3a074cfb77aceb9250f4924c6ea2f9ba8334d?s=96&d=mm&r=g","caption":"autisme.com"}}]}},"_links":{"self":[{"href":"https:\/\/www.autisme.com\/es\/wp-json\/wp\/v2\/posts\/1922","targetHints":{"allow":["GET"]}}],"collection":[{"href":"https:\/\/www.autisme.com\/es\/wp-json\/wp\/v2\/posts"}],"about":[{"href":"https:\/\/www.autisme.com\/es\/wp-json\/wp\/v2\/types\/post"}],"author":[{"embeddable":true,"href":"https:\/\/www.autisme.com\/es\/wp-json\/wp\/v2\/users\/1"}],"replies":[{"embeddable":true,"href":"https:\/\/www.autisme.com\/es\/wp-json\/wp\/v2\/comments?post=1922"}],"version-history":[{"count":0,"href":"https:\/\/www.autisme.com\/es\/wp-json\/wp\/v2\/posts\/1922\/revisions"}],"wp:featuredmedia":[{"embeddable":true,"href":"https:\/\/www.autisme.com\/es\/wp-json\/wp\/v2\/media\/1908"}],"wp:attachment":[{"href":"https:\/\/www.autisme.com\/es\/wp-json\/wp\/v2\/media?parent=1922"}],"wp:term":[{"taxonomy":"category","embeddable":true,"href":"https:\/\/www.autisme.com\/es\/wp-json\/wp\/v2\/categories?post=1922"},{"taxonomy":"post_tag","embeddable":true,"href":"https:\/\/www.autisme.com\/es\/wp-json\/wp\/v2\/tags?post=1922"}],"curies":[{"name":"wp","href":"https:\/\/api.w.org\/{rel}","templated":true}]}}