{"id":1938,"date":"2020-07-29T14:52:31","date_gmt":"2020-07-29T12:52:31","guid":{"rendered":"https:\/\/www.autisme.com\/2020\/07\/29\/entrevista-a-elena-martinez\/"},"modified":"2020-07-29T14:55:46","modified_gmt":"2020-07-29T12:55:46","slug":"entrevista-a-elena-martinez","status":"publish","type":"post","link":"https:\/\/www.autisme.com\/es\/entrevista-a-elena-martinez\/","title":{"rendered":"Entrevista a Elena Mart\u00ednez"},"content":{"rendered":"<p>Esta ma\u00f1ana, Elena Mart\u00ednez, nueva directora general de la red de Servicios de Autismo la Garriga, ha sido entrevistada en Radio Silencio de la Garriga.<\/p>\n<p>En esta entrevista ha explicado c\u00f3mo se est\u00e1 viviendo la crisis sanitaria a la instituci\u00f3n que trata personas gravemente afectadas por trastornos del espectro autista (TEA).<\/p>\n<p>Mart\u00ednez asegura que la situaci\u00f3n ha sido complicada y ha obligado a reestructurar todas las actividades. De hecho, las visitas de familiares se han visto restringidas durante los \u00faltimos meses.<\/p>\n<p>Desde el 1 de julio Elena Mart\u00ednez es la nueva directora general, que releva al Dr. Joan Cruells, que sigue siendo el m\u00e9dico de referencia de la instituci\u00f3n.<\/p>\n<p>Puede escuchar la entrevista entera <a href=\"https:\/\/www.radiosilenci.cat\/news\/id\/radiosilenci_news_1346\" target=\"_blank\" rel=\"noopener noreferrer\">aqu\u00ed<\/a>.<\/p>\n","protected":false},"excerpt":{"rendered":"<p>Esta ma\u00f1ana, Elena Mart\u00ednez, nueva directora general de la red de Servicios de Autismo la Garriga, ha sido entrevistada en Radio Silencio de la Garriga. En esta entrevista ha explicado c\u00f3mo se est\u00e1 viviendo la crisis sanitaria a la instituci\u00f3n que trata personas gravemente afectadas por trastornos del espectro autista (TEA). Mart\u00ednez asegura que la&hellip;<\/p>\n","protected":false},"author":1,"featured_media":1936,"comment_status":"closed","ping_status":"closed","sticky":false,"template":"","format":"standard","meta":{"footnotes":""},"categories":[6],"tags":[],"class_list":["post-1938","post","type-post","status-publish","format-standard","has-post-thumbnail","hentry","category-sin-categorizar","category-6","description-off"],"yoast_head":"<!-- This site is optimized with the Yoast SEO plugin v27.4 - https:\/\/yoast.com\/product\/yoast-seo-wordpress\/ -->\n<title>Entrevista a Elena Mart\u00ednez - Autisme la Garriga<\/title>\n<meta name=\"description\" content=\"Entrevista a Elena Mart\u00ednez, nueva directora general de la red de servicios de Autismo la Garriga.\" \/>\n<meta name=\"robots\" content=\"index, follow, max-snippet:-1, max-image-preview:large, max-video-preview:-1\" \/>\n<link rel=\"canonical\" href=\"https:\/\/www.autisme.com\/es\/entrevista-a-elena-martinez\/\" \/>\n<meta property=\"og:locale\" content=\"es_ES\" \/>\n<meta property=\"og:type\" content=\"article\" \/>\n<meta property=\"og:title\" content=\"Entrevista a Elena Mart\u00ednez - Autisme la Garriga\" \/>\n<meta property=\"og:description\" content=\"Entrevista a Elena Mart\u00ednez, nueva directora general de la red de servicios de Autismo la Garriga.\" \/>\n<meta property=\"og:url\" content=\"https:\/\/www.autisme.com\/es\/entrevista-a-elena-martinez\/\" \/>\n<meta property=\"og:site_name\" content=\"Autisme la Garriga\" \/>\n<meta property=\"article:published_time\" content=\"2020-07-29T12:52:31+00:00\" \/>\n<meta property=\"article:modified_time\" content=\"2020-07-29T12:55:46+00:00\" \/>\n<meta property=\"og:image\" content=\"https:\/\/www.autisme.com\/wp-content\/uploads\/2020\/07\/Professionals.jpg\" \/>\n\t<meta property=\"og:image:width\" content=\"1770\" \/>\n\t<meta property=\"og:image:height\" content=\"875\" \/>\n\t<meta property=\"og:image:type\" content=\"image\/jpeg\" \/>\n<meta name=\"author\" content=\"autisme.com\" \/>\n<meta name=\"twitter:card\" content=\"summary_large_image\" \/>\n<meta name=\"twitter:label1\" content=\"Escrito por\" \/>\n\t<meta name=\"twitter:data1\" content=\"autisme.com\" \/>\n\t<meta name=\"twitter:label2\" content=\"Tiempo de lectura\" \/>\n\t<meta name=\"twitter:data2\" content=\"1 minuto\" \/>\n<script type=\"application\/ld+json\" class=\"yoast-schema-graph\">{\"@context\":\"https:\\\/\\\/schema.org\",\"@graph\":[{\"@type\":\"Article\",\"@id\":\"https:\\\/\\\/www.autisme.com\\\/es\\\/entrevista-a-elena-martinez\\\/#article\",\"isPartOf\":{\"@id\":\"https:\\\/\\\/www.autisme.com\\\/es\\\/entrevista-a-elena-martinez\\\/\"},\"author\":{\"name\":\"autisme.com\",\"@id\":\"https:\\\/\\\/www.autisme.com\\\/es\\\/#\\\/schema\\\/person\\\/068da86cb8b099939af2900fd1daf9a1\"},\"headline\":\"Entrevista a Elena Mart\u00ednez\",\"datePublished\":\"2020-07-29T12:52:31+00:00\",\"dateModified\":\"2020-07-29T12:55:46+00:00\",\"mainEntityOfPage\":{\"@id\":\"https:\\\/\\\/www.autisme.com\\\/es\\\/entrevista-a-elena-martinez\\\/\"},\"wordCount\":128,\"image\":{\"@id\":\"https:\\\/\\\/www.autisme.com\\\/es\\\/entrevista-a-elena-martinez\\\/#primaryimage\"},\"thumbnailUrl\":\"https:\\\/\\\/www.autisme.com\\\/wp-content\\\/uploads\\\/2020\\\/07\\\/Professionals.jpg\",\"articleSection\":[\"Sin categorizar\"],\"inLanguage\":\"es\"},{\"@type\":\"WebPage\",\"@id\":\"https:\\\/\\\/www.autisme.com\\\/es\\\/entrevista-a-elena-martinez\\\/\",\"url\":\"https:\\\/\\\/www.autisme.com\\\/es\\\/entrevista-a-elena-martinez\\\/\",\"name\":\"Entrevista a Elena Mart\u00ednez - Autisme la Garriga\",\"isPartOf\":{\"@id\":\"https:\\\/\\\/www.autisme.com\\\/es\\\/#website\"},\"primaryImageOfPage\":{\"@id\":\"https:\\\/\\\/www.autisme.com\\\/es\\\/entrevista-a-elena-martinez\\\/#primaryimage\"},\"image\":{\"@id\":\"https:\\\/\\\/www.autisme.com\\\/es\\\/entrevista-a-elena-martinez\\\/#primaryimage\"},\"thumbnailUrl\":\"https:\\\/\\\/www.autisme.com\\\/wp-content\\\/uploads\\\/2020\\\/07\\\/Professionals.jpg\",\"datePublished\":\"2020-07-29T12:52:31+00:00\",\"dateModified\":\"2020-07-29T12:55:46+00:00\",\"author\":{\"@id\":\"https:\\\/\\\/www.autisme.com\\\/es\\\/#\\\/schema\\\/person\\\/068da86cb8b099939af2900fd1daf9a1\"},\"description\":\"Entrevista a Elena Mart\u00ednez, nueva directora general de la red de servicios de Autismo la Garriga.\",\"breadcrumb\":{\"@id\":\"https:\\\/\\\/www.autisme.com\\\/es\\\/entrevista-a-elena-martinez\\\/#breadcrumb\"},\"inLanguage\":\"es\",\"potentialAction\":[{\"@type\":\"ReadAction\",\"target\":[\"https:\\\/\\\/www.autisme.com\\\/es\\\/entrevista-a-elena-martinez\\\/\"]}]},{\"@type\":\"ImageObject\",\"inLanguage\":\"es\",\"@id\":\"https:\\\/\\\/www.autisme.com\\\/es\\\/entrevista-a-elena-martinez\\\/#primaryimage\",\"url\":\"https:\\\/\\\/www.autisme.com\\\/wp-content\\\/uploads\\\/2020\\\/07\\\/Professionals.jpg\",\"contentUrl\":\"https:\\\/\\\/www.autisme.com\\\/wp-content\\\/uploads\\\/2020\\\/07\\\/Professionals.jpg\",\"width\":1770,\"height\":875,\"caption\":\"Professionals d'Autisme la Garriga\"},{\"@type\":\"BreadcrumbList\",\"@id\":\"https:\\\/\\\/www.autisme.com\\\/es\\\/entrevista-a-elena-martinez\\\/#breadcrumb\",\"itemListElement\":[{\"@type\":\"ListItem\",\"position\":1,\"name\":\"Inici\",\"item\":\"https:\\\/\\\/www.autisme.com\\\/es\\\/\"},{\"@type\":\"ListItem\",\"position\":2,\"name\":\"Entrevista a Elena Mart\u00ednez\"}]},{\"@type\":\"WebSite\",\"@id\":\"https:\\\/\\\/www.autisme.com\\\/es\\\/#website\",\"url\":\"https:\\\/\\\/www.autisme.com\\\/es\\\/\",\"name\":\"Autisme la Garriga\",\"description\":\"\",\"potentialAction\":[{\"@type\":\"SearchAction\",\"target\":{\"@type\":\"EntryPoint\",\"urlTemplate\":\"https:\\\/\\\/www.autisme.com\\\/es\\\/?s={search_term_string}\"},\"query-input\":{\"@type\":\"PropertyValueSpecification\",\"valueRequired\":true,\"valueName\":\"search_term_string\"}}],\"inLanguage\":\"es\"},{\"@type\":\"Person\",\"@id\":\"https:\\\/\\\/www.autisme.com\\\/es\\\/#\\\/schema\\\/person\\\/068da86cb8b099939af2900fd1daf9a1\",\"name\":\"autisme.com\",\"image\":{\"@type\":\"ImageObject\",\"inLanguage\":\"es\",\"@id\":\"https:\\\/\\\/secure.gravatar.com\\\/avatar\\\/743ede46259318efc7b0b783aab3a074cfb77aceb9250f4924c6ea2f9ba8334d?s=96&d=mm&r=g\",\"url\":\"https:\\\/\\\/secure.gravatar.com\\\/avatar\\\/743ede46259318efc7b0b783aab3a074cfb77aceb9250f4924c6ea2f9ba8334d?s=96&d=mm&r=g\",\"contentUrl\":\"https:\\\/\\\/secure.gravatar.com\\\/avatar\\\/743ede46259318efc7b0b783aab3a074cfb77aceb9250f4924c6ea2f9ba8334d?s=96&d=mm&r=g\",\"caption\":\"autisme.com\"}}]}<\/script>\n<!-- \/ Yoast SEO plugin. -->","yoast_head_json":{"title":"Entrevista a Elena Mart\u00ednez - Autisme la Garriga","description":"Entrevista a Elena Mart\u00ednez, nueva directora general de la red de servicios de Autismo la Garriga.","robots":{"index":"index","follow":"follow","max-snippet":"max-snippet:-1","max-image-preview":"max-image-preview:large","max-video-preview":"max-video-preview:-1"},"canonical":"https:\/\/www.autisme.com\/es\/entrevista-a-elena-martinez\/","og_locale":"es_ES","og_type":"article","og_title":"Entrevista a Elena Mart\u00ednez - Autisme la Garriga","og_description":"Entrevista a Elena Mart\u00ednez, nueva directora general de la red de servicios de Autismo la Garriga.","og_url":"https:\/\/www.autisme.com\/es\/entrevista-a-elena-martinez\/","og_site_name":"Autisme la Garriga","article_published_time":"2020-07-29T12:52:31+00:00","article_modified_time":"2020-07-29T12:55:46+00:00","og_image":[{"width":1770,"height":875,"url":"https:\/\/www.autisme.com\/wp-content\/uploads\/2020\/07\/Professionals.jpg","type":"image\/jpeg"}],"author":"autisme.com","twitter_card":"summary_large_image","twitter_misc":{"Escrito por":"autisme.com","Tiempo de lectura":"1 minuto"},"schema":{"@context":"https:\/\/schema.org","@graph":[{"@type":"Article","@id":"https:\/\/www.autisme.com\/es\/entrevista-a-elena-martinez\/#article","isPartOf":{"@id":"https:\/\/www.autisme.com\/es\/entrevista-a-elena-martinez\/"},"author":{"name":"autisme.com","@id":"https:\/\/www.autisme.com\/es\/#\/schema\/person\/068da86cb8b099939af2900fd1daf9a1"},"headline":"Entrevista a Elena Mart\u00ednez","datePublished":"2020-07-29T12:52:31+00:00","dateModified":"2020-07-29T12:55:46+00:00","mainEntityOfPage":{"@id":"https:\/\/www.autisme.com\/es\/entrevista-a-elena-martinez\/"},"wordCount":128,"image":{"@id":"https:\/\/www.autisme.com\/es\/entrevista-a-elena-martinez\/#primaryimage"},"thumbnailUrl":"https:\/\/www.autisme.com\/wp-content\/uploads\/2020\/07\/Professionals.jpg","articleSection":["Sin categorizar"],"inLanguage":"es"},{"@type":"WebPage","@id":"https:\/\/www.autisme.com\/es\/entrevista-a-elena-martinez\/","url":"https:\/\/www.autisme.com\/es\/entrevista-a-elena-martinez\/","name":"Entrevista a Elena Mart\u00ednez - Autisme la Garriga","isPartOf":{"@id":"https:\/\/www.autisme.com\/es\/#website"},"primaryImageOfPage":{"@id":"https:\/\/www.autisme.com\/es\/entrevista-a-elena-martinez\/#primaryimage"},"image":{"@id":"https:\/\/www.autisme.com\/es\/entrevista-a-elena-martinez\/#primaryimage"},"thumbnailUrl":"https:\/\/www.autisme.com\/wp-content\/uploads\/2020\/07\/Professionals.jpg","datePublished":"2020-07-29T12:52:31+00:00","dateModified":"2020-07-29T12:55:46+00:00","author":{"@id":"https:\/\/www.autisme.com\/es\/#\/schema\/person\/068da86cb8b099939af2900fd1daf9a1"},"description":"Entrevista a Elena Mart\u00ednez, nueva directora general de la red de servicios de Autismo la Garriga.","breadcrumb":{"@id":"https:\/\/www.autisme.com\/es\/entrevista-a-elena-martinez\/#breadcrumb"},"inLanguage":"es","potentialAction":[{"@type":"ReadAction","target":["https:\/\/www.autisme.com\/es\/entrevista-a-elena-martinez\/"]}]},{"@type":"ImageObject","inLanguage":"es","@id":"https:\/\/www.autisme.com\/es\/entrevista-a-elena-martinez\/#primaryimage","url":"https:\/\/www.autisme.com\/wp-content\/uploads\/2020\/07\/Professionals.jpg","contentUrl":"https:\/\/www.autisme.com\/wp-content\/uploads\/2020\/07\/Professionals.jpg","width":1770,"height":875,"caption":"Professionals d'Autisme la Garriga"},{"@type":"BreadcrumbList","@id":"https:\/\/www.autisme.com\/es\/entrevista-a-elena-martinez\/#breadcrumb","itemListElement":[{"@type":"ListItem","position":1,"name":"Inici","item":"https:\/\/www.autisme.com\/es\/"},{"@type":"ListItem","position":2,"name":"Entrevista a Elena Mart\u00ednez"}]},{"@type":"WebSite","@id":"https:\/\/www.autisme.com\/es\/#website","url":"https:\/\/www.autisme.com\/es\/","name":"Autisme la Garriga","description":"","potentialAction":[{"@type":"SearchAction","target":{"@type":"EntryPoint","urlTemplate":"https:\/\/www.autisme.com\/es\/?s={search_term_string}"},"query-input":{"@type":"PropertyValueSpecification","valueRequired":true,"valueName":"search_term_string"}}],"inLanguage":"es"},{"@type":"Person","@id":"https:\/\/www.autisme.com\/es\/#\/schema\/person\/068da86cb8b099939af2900fd1daf9a1","name":"autisme.com","image":{"@type":"ImageObject","inLanguage":"es","@id":"https:\/\/secure.gravatar.com\/avatar\/743ede46259318efc7b0b783aab3a074cfb77aceb9250f4924c6ea2f9ba8334d?s=96&d=mm&r=g","url":"https:\/\/secure.gravatar.com\/avatar\/743ede46259318efc7b0b783aab3a074cfb77aceb9250f4924c6ea2f9ba8334d?s=96&d=mm&r=g","contentUrl":"https:\/\/secure.gravatar.com\/avatar\/743ede46259318efc7b0b783aab3a074cfb77aceb9250f4924c6ea2f9ba8334d?s=96&d=mm&r=g","caption":"autisme.com"}}]}},"_links":{"self":[{"href":"https:\/\/www.autisme.com\/es\/wp-json\/wp\/v2\/posts\/1938","targetHints":{"allow":["GET"]}}],"collection":[{"href":"https:\/\/www.autisme.com\/es\/wp-json\/wp\/v2\/posts"}],"about":[{"href":"https:\/\/www.autisme.com\/es\/wp-json\/wp\/v2\/types\/post"}],"author":[{"embeddable":true,"href":"https:\/\/www.autisme.com\/es\/wp-json\/wp\/v2\/users\/1"}],"replies":[{"embeddable":true,"href":"https:\/\/www.autisme.com\/es\/wp-json\/wp\/v2\/comments?post=1938"}],"version-history":[{"count":0,"href":"https:\/\/www.autisme.com\/es\/wp-json\/wp\/v2\/posts\/1938\/revisions"}],"wp:featuredmedia":[{"embeddable":true,"href":"https:\/\/www.autisme.com\/es\/wp-json\/wp\/v2\/media\/1936"}],"wp:attachment":[{"href":"https:\/\/www.autisme.com\/es\/wp-json\/wp\/v2\/media?parent=1938"}],"wp:term":[{"taxonomy":"category","embeddable":true,"href":"https:\/\/www.autisme.com\/es\/wp-json\/wp\/v2\/categories?post=1938"},{"taxonomy":"post_tag","embeddable":true,"href":"https:\/\/www.autisme.com\/es\/wp-json\/wp\/v2\/tags?post=1938"}],"curies":[{"name":"wp","href":"https:\/\/api.w.org\/{rel}","templated":true}]}}