{"id":1974,"date":"2020-11-30T19:43:41","date_gmt":"2020-11-30T17:43:41","guid":{"rendered":"https:\/\/www.autisme.com\/2020\/11\/30\/givingtuesday-teasobrerodes-perque-volem-seguir-actius\/"},"modified":"2020-11-30T20:04:57","modified_gmt":"2020-11-30T18:04:57","slug":"givingtuesday-teasobrerodes-perque-volem-seguir-actius","status":"publish","type":"post","link":"https:\/\/www.autisme.com\/es\/givingtuesday-teasobrerodes-perque-volem-seguir-actius\/","title":{"rendered":"GivingTuesday: #TEAsobreRUEDAS, porque queremos seguir activos"},"content":{"rendered":"<p>Actualmente, un grupo de personas con autismo y problemas de movilidad, residentes en Llar Cottet y Cau Blanc de la red de servicios de <strong>autismo la garriga<\/strong>, tienen graves dificultades para desplazarse a los talleres ocupacionales o en la piscina para hacer actividad f\u00edsica.<\/p>\n<p>Con motivo del # GivingTuesday la <a href=\"https:\/\/www.autismefundacio.com\/collabora\/#fes-un-donatiu\" target=\"_blank\" rel=\"noopener noreferrer\"><strong>Fundaci\u00f3n Congost Autismo<\/strong><\/a> organiza una campa\u00f1a para adquirir de forma urgente 6 sillas de ruedas manuales que permitir\u00e1n estos desplazamientos y por tanto garantizar\u00e1n que puedan hacer las actividades terap\u00e9uticas como el resto de los compa\u00f1eros, al tiempo que facilitar\u00e1n la gran labor que hacen los profesionales que los acompa\u00f1an.<\/p>\n<p>Los ni\u00f1os y ni\u00f1as que hace m\u00e1s de 43 a\u00f1os se iniciaron en el centro educativo especializado en el tratamiento de ni\u00f1os con TEA, embri\u00f3n del actual proyecto autismo la garriga, se han hecho grandes, y como el resto de la poblaci\u00f3n, el envejecimiento conlleva un empeoramiento de la movilidad, que en el caso de las personas con TEA y discapacidad intelectual asociada, llega de forma prematura, agravada y acelerada.<\/p>\n<p>Todos sabemos de los beneficios de llevar un modelo de vida activa, estas personas tambi\u00e9n han de poder disfrutar. Conseguimos las ayudas t\u00e9cnicas necesarias.<\/p>\n<p>Os agradecer\u00edamos que hicierais la m\u00e1xima difusi\u00f3n de este mensaje entre vuestras amistades, amigos y conocidos.<\/p>\n<p><strong>C\u00f3mo puedes colaborar<\/strong>?<\/p>\n<ul>\n<li>En la web de la <strong>Fundaci\u00f3n Congost Autismo<\/strong>, haciendo click <a href=\"https:\/\/www.autismefundacio.com\/collabora\/#fes-un-donatiu\" target=\"_blank\" rel=\"noopener noreferrer\">aqu\u00ed<\/a>.<\/li>\n<li>En la plataforma <a href=\"https:\/\/www.migranodearena.org\/reto\/-teasobrerodes-perque-volem-seguir-actius\" target=\"_blank\" rel=\"noopener noreferrer\">Migranodearena.org<\/a><\/li>\n<li>Haciendo una transferencia bancaria al siguiente n\u00famero de cuenta: ES76 2100 0126 1802 0030 4399<\/li>\n<\/ul>\n<p><strong>\u00bfQu\u00e9 haremos con tu donativo?<\/strong><\/p>\n<p>Tu donativo servir\u00e1 hacer frente a los gastos de adquisici\u00f3n de 6 sillas de ruedas manuales.<\/p>\n<p>Gracias de nuevo por tu colaboraci\u00f3n y tu apoyo.<\/p>\n","protected":false},"excerpt":{"rendered":"<p>Actualmente, un grupo de personas con autismo y problemas de movilidad, residentes en Llar Cottet y Cau Blanc de la red de servicios de autismo la garriga, tienen graves dificultades para desplazarse a los talleres ocupacionales o en la piscina para hacer actividad f\u00edsica. Con motivo del # GivingTuesday la Fundaci\u00f3n Congost Autismo organiza una&hellip;<\/p>\n","protected":false},"author":1,"featured_media":1971,"comment_status":"closed","ping_status":"closed","sticky":false,"template":"","format":"standard","meta":{"footnotes":""},"categories":[6],"tags":[],"class_list":["post-1974","post","type-post","status-publish","format-standard","has-post-thumbnail","hentry","category-sin-categorizar","category-6","description-off"],"yoast_head":"<!-- This site is optimized with the Yoast SEO plugin v27.4 - https:\/\/yoast.com\/product\/yoast-seo-wordpress\/ -->\n<title>GivingTuesday: #TEAsobreRUEDAS, porque queremos seguir activos - Autisme la Garriga<\/title>\n<meta name=\"robots\" content=\"index, follow, max-snippet:-1, max-image-preview:large, max-video-preview:-1\" \/>\n<link rel=\"canonical\" href=\"https:\/\/www.autisme.com\/es\/givingtuesday-teasobrerodes-perque-volem-seguir-actius\/\" \/>\n<meta property=\"og:locale\" content=\"es_ES\" \/>\n<meta property=\"og:type\" content=\"article\" \/>\n<meta property=\"og:title\" content=\"GivingTuesday: #TEAsobreRUEDAS, porque queremos seguir activos - Autisme la Garriga\" \/>\n<meta property=\"og:description\" content=\"Actualmente, un grupo de personas con autismo y problemas de movilidad, residentes en Llar Cottet y Cau Blanc de la red de servicios de autismo la garriga, tienen graves dificultades para desplazarse a los talleres ocupacionales o en la piscina para hacer actividad f\u00edsica. Con motivo del # GivingTuesday la Fundaci\u00f3n Congost Autismo organiza una&hellip;\" \/>\n<meta property=\"og:url\" content=\"https:\/\/www.autisme.com\/es\/givingtuesday-teasobrerodes-perque-volem-seguir-actius\/\" \/>\n<meta property=\"og:site_name\" content=\"Autisme la Garriga\" \/>\n<meta property=\"article:published_time\" content=\"2020-11-30T17:43:41+00:00\" \/>\n<meta property=\"article:modified_time\" content=\"2020-11-30T18:04:57+00:00\" \/>\n<meta property=\"og:image\" content=\"https:\/\/www.autisme.com\/wp-content\/uploads\/2020\/11\/CadiraWEB.jpg\" \/>\n\t<meta property=\"og:image:width\" content=\"1024\" \/>\n\t<meta property=\"og:image:height\" content=\"512\" \/>\n\t<meta property=\"og:image:type\" content=\"image\/jpeg\" \/>\n<meta name=\"author\" content=\"autisme.com\" \/>\n<meta name=\"twitter:card\" content=\"summary_large_image\" \/>\n<meta name=\"twitter:label1\" content=\"Escrito por\" \/>\n\t<meta name=\"twitter:data1\" content=\"autisme.com\" \/>\n\t<meta name=\"twitter:label2\" content=\"Tiempo de lectura\" \/>\n\t<meta name=\"twitter:data2\" content=\"1 minuto\" \/>\n<script type=\"application\/ld+json\" class=\"yoast-schema-graph\">{\"@context\":\"https:\\\/\\\/schema.org\",\"@graph\":[{\"@type\":\"Article\",\"@id\":\"https:\\\/\\\/www.autisme.com\\\/es\\\/givingtuesday-teasobrerodes-perque-volem-seguir-actius\\\/#article\",\"isPartOf\":{\"@id\":\"https:\\\/\\\/www.autisme.com\\\/es\\\/givingtuesday-teasobrerodes-perque-volem-seguir-actius\\\/\"},\"author\":{\"name\":\"autisme.com\",\"@id\":\"https:\\\/\\\/www.autisme.com\\\/es\\\/#\\\/schema\\\/person\\\/068da86cb8b099939af2900fd1daf9a1\"},\"headline\":\"GivingTuesday: #TEAsobreRUEDAS, porque queremos seguir activos\",\"datePublished\":\"2020-11-30T17:43:41+00:00\",\"dateModified\":\"2020-11-30T18:04:57+00:00\",\"mainEntityOfPage\":{\"@id\":\"https:\\\/\\\/www.autisme.com\\\/es\\\/givingtuesday-teasobrerodes-perque-volem-seguir-actius\\\/\"},\"wordCount\":297,\"image\":{\"@id\":\"https:\\\/\\\/www.autisme.com\\\/es\\\/givingtuesday-teasobrerodes-perque-volem-seguir-actius\\\/#primaryimage\"},\"thumbnailUrl\":\"https:\\\/\\\/www.autisme.com\\\/wp-content\\\/uploads\\\/2020\\\/11\\\/CadiraWEB.jpg\",\"articleSection\":[\"Sin categorizar\"],\"inLanguage\":\"es\"},{\"@type\":\"WebPage\",\"@id\":\"https:\\\/\\\/www.autisme.com\\\/es\\\/givingtuesday-teasobrerodes-perque-volem-seguir-actius\\\/\",\"url\":\"https:\\\/\\\/www.autisme.com\\\/es\\\/givingtuesday-teasobrerodes-perque-volem-seguir-actius\\\/\",\"name\":\"GivingTuesday: #TEAsobreRUEDAS, porque queremos seguir activos - Autisme la Garriga\",\"isPartOf\":{\"@id\":\"https:\\\/\\\/www.autisme.com\\\/es\\\/#website\"},\"primaryImageOfPage\":{\"@id\":\"https:\\\/\\\/www.autisme.com\\\/es\\\/givingtuesday-teasobrerodes-perque-volem-seguir-actius\\\/#primaryimage\"},\"image\":{\"@id\":\"https:\\\/\\\/www.autisme.com\\\/es\\\/givingtuesday-teasobrerodes-perque-volem-seguir-actius\\\/#primaryimage\"},\"thumbnailUrl\":\"https:\\\/\\\/www.autisme.com\\\/wp-content\\\/uploads\\\/2020\\\/11\\\/CadiraWEB.jpg\",\"datePublished\":\"2020-11-30T17:43:41+00:00\",\"dateModified\":\"2020-11-30T18:04:57+00:00\",\"author\":{\"@id\":\"https:\\\/\\\/www.autisme.com\\\/es\\\/#\\\/schema\\\/person\\\/068da86cb8b099939af2900fd1daf9a1\"},\"breadcrumb\":{\"@id\":\"https:\\\/\\\/www.autisme.com\\\/es\\\/givingtuesday-teasobrerodes-perque-volem-seguir-actius\\\/#breadcrumb\"},\"inLanguage\":\"es\",\"potentialAction\":[{\"@type\":\"ReadAction\",\"target\":[\"https:\\\/\\\/www.autisme.com\\\/es\\\/givingtuesday-teasobrerodes-perque-volem-seguir-actius\\\/\"]}]},{\"@type\":\"ImageObject\",\"inLanguage\":\"es\",\"@id\":\"https:\\\/\\\/www.autisme.com\\\/es\\\/givingtuesday-teasobrerodes-perque-volem-seguir-actius\\\/#primaryimage\",\"url\":\"https:\\\/\\\/www.autisme.com\\\/wp-content\\\/uploads\\\/2020\\\/11\\\/CadiraWEB.jpg\",\"contentUrl\":\"https:\\\/\\\/www.autisme.com\\\/wp-content\\\/uploads\\\/2020\\\/11\\\/CadiraWEB.jpg\",\"width\":1024,\"height\":512},{\"@type\":\"BreadcrumbList\",\"@id\":\"https:\\\/\\\/www.autisme.com\\\/es\\\/givingtuesday-teasobrerodes-perque-volem-seguir-actius\\\/#breadcrumb\",\"itemListElement\":[{\"@type\":\"ListItem\",\"position\":1,\"name\":\"Inici\",\"item\":\"https:\\\/\\\/www.autisme.com\\\/es\\\/\"},{\"@type\":\"ListItem\",\"position\":2,\"name\":\"GivingTuesday: #TEAsobreRUEDAS, porque queremos seguir activos\"}]},{\"@type\":\"WebSite\",\"@id\":\"https:\\\/\\\/www.autisme.com\\\/es\\\/#website\",\"url\":\"https:\\\/\\\/www.autisme.com\\\/es\\\/\",\"name\":\"Autisme la Garriga\",\"description\":\"\",\"potentialAction\":[{\"@type\":\"SearchAction\",\"target\":{\"@type\":\"EntryPoint\",\"urlTemplate\":\"https:\\\/\\\/www.autisme.com\\\/es\\\/?s={search_term_string}\"},\"query-input\":{\"@type\":\"PropertyValueSpecification\",\"valueRequired\":true,\"valueName\":\"search_term_string\"}}],\"inLanguage\":\"es\"},{\"@type\":\"Person\",\"@id\":\"https:\\\/\\\/www.autisme.com\\\/es\\\/#\\\/schema\\\/person\\\/068da86cb8b099939af2900fd1daf9a1\",\"name\":\"autisme.com\",\"image\":{\"@type\":\"ImageObject\",\"inLanguage\":\"es\",\"@id\":\"https:\\\/\\\/secure.gravatar.com\\\/avatar\\\/743ede46259318efc7b0b783aab3a074cfb77aceb9250f4924c6ea2f9ba8334d?s=96&d=mm&r=g\",\"url\":\"https:\\\/\\\/secure.gravatar.com\\\/avatar\\\/743ede46259318efc7b0b783aab3a074cfb77aceb9250f4924c6ea2f9ba8334d?s=96&d=mm&r=g\",\"contentUrl\":\"https:\\\/\\\/secure.gravatar.com\\\/avatar\\\/743ede46259318efc7b0b783aab3a074cfb77aceb9250f4924c6ea2f9ba8334d?s=96&d=mm&r=g\",\"caption\":\"autisme.com\"}}]}<\/script>\n<!-- \/ Yoast SEO plugin. -->","yoast_head_json":{"title":"GivingTuesday: #TEAsobreRUEDAS, porque queremos seguir activos - Autisme la Garriga","robots":{"index":"index","follow":"follow","max-snippet":"max-snippet:-1","max-image-preview":"max-image-preview:large","max-video-preview":"max-video-preview:-1"},"canonical":"https:\/\/www.autisme.com\/es\/givingtuesday-teasobrerodes-perque-volem-seguir-actius\/","og_locale":"es_ES","og_type":"article","og_title":"GivingTuesday: #TEAsobreRUEDAS, porque queremos seguir activos - Autisme la Garriga","og_description":"Actualmente, un grupo de personas con autismo y problemas de movilidad, residentes en Llar Cottet y Cau Blanc de la red de servicios de autismo la garriga, tienen graves dificultades para desplazarse a los talleres ocupacionales o en la piscina para hacer actividad f\u00edsica. Con motivo del # GivingTuesday la Fundaci\u00f3n Congost Autismo organiza una&hellip;","og_url":"https:\/\/www.autisme.com\/es\/givingtuesday-teasobrerodes-perque-volem-seguir-actius\/","og_site_name":"Autisme la Garriga","article_published_time":"2020-11-30T17:43:41+00:00","article_modified_time":"2020-11-30T18:04:57+00:00","og_image":[{"width":1024,"height":512,"url":"https:\/\/www.autisme.com\/wp-content\/uploads\/2020\/11\/CadiraWEB.jpg","type":"image\/jpeg"}],"author":"autisme.com","twitter_card":"summary_large_image","twitter_misc":{"Escrito por":"autisme.com","Tiempo de lectura":"1 minuto"},"schema":{"@context":"https:\/\/schema.org","@graph":[{"@type":"Article","@id":"https:\/\/www.autisme.com\/es\/givingtuesday-teasobrerodes-perque-volem-seguir-actius\/#article","isPartOf":{"@id":"https:\/\/www.autisme.com\/es\/givingtuesday-teasobrerodes-perque-volem-seguir-actius\/"},"author":{"name":"autisme.com","@id":"https:\/\/www.autisme.com\/es\/#\/schema\/person\/068da86cb8b099939af2900fd1daf9a1"},"headline":"GivingTuesday: #TEAsobreRUEDAS, porque queremos seguir activos","datePublished":"2020-11-30T17:43:41+00:00","dateModified":"2020-11-30T18:04:57+00:00","mainEntityOfPage":{"@id":"https:\/\/www.autisme.com\/es\/givingtuesday-teasobrerodes-perque-volem-seguir-actius\/"},"wordCount":297,"image":{"@id":"https:\/\/www.autisme.com\/es\/givingtuesday-teasobrerodes-perque-volem-seguir-actius\/#primaryimage"},"thumbnailUrl":"https:\/\/www.autisme.com\/wp-content\/uploads\/2020\/11\/CadiraWEB.jpg","articleSection":["Sin categorizar"],"inLanguage":"es"},{"@type":"WebPage","@id":"https:\/\/www.autisme.com\/es\/givingtuesday-teasobrerodes-perque-volem-seguir-actius\/","url":"https:\/\/www.autisme.com\/es\/givingtuesday-teasobrerodes-perque-volem-seguir-actius\/","name":"GivingTuesday: #TEAsobreRUEDAS, porque queremos seguir activos - Autisme la Garriga","isPartOf":{"@id":"https:\/\/www.autisme.com\/es\/#website"},"primaryImageOfPage":{"@id":"https:\/\/www.autisme.com\/es\/givingtuesday-teasobrerodes-perque-volem-seguir-actius\/#primaryimage"},"image":{"@id":"https:\/\/www.autisme.com\/es\/givingtuesday-teasobrerodes-perque-volem-seguir-actius\/#primaryimage"},"thumbnailUrl":"https:\/\/www.autisme.com\/wp-content\/uploads\/2020\/11\/CadiraWEB.jpg","datePublished":"2020-11-30T17:43:41+00:00","dateModified":"2020-11-30T18:04:57+00:00","author":{"@id":"https:\/\/www.autisme.com\/es\/#\/schema\/person\/068da86cb8b099939af2900fd1daf9a1"},"breadcrumb":{"@id":"https:\/\/www.autisme.com\/es\/givingtuesday-teasobrerodes-perque-volem-seguir-actius\/#breadcrumb"},"inLanguage":"es","potentialAction":[{"@type":"ReadAction","target":["https:\/\/www.autisme.com\/es\/givingtuesday-teasobrerodes-perque-volem-seguir-actius\/"]}]},{"@type":"ImageObject","inLanguage":"es","@id":"https:\/\/www.autisme.com\/es\/givingtuesday-teasobrerodes-perque-volem-seguir-actius\/#primaryimage","url":"https:\/\/www.autisme.com\/wp-content\/uploads\/2020\/11\/CadiraWEB.jpg","contentUrl":"https:\/\/www.autisme.com\/wp-content\/uploads\/2020\/11\/CadiraWEB.jpg","width":1024,"height":512},{"@type":"BreadcrumbList","@id":"https:\/\/www.autisme.com\/es\/givingtuesday-teasobrerodes-perque-volem-seguir-actius\/#breadcrumb","itemListElement":[{"@type":"ListItem","position":1,"name":"Inici","item":"https:\/\/www.autisme.com\/es\/"},{"@type":"ListItem","position":2,"name":"GivingTuesday: #TEAsobreRUEDAS, porque queremos seguir activos"}]},{"@type":"WebSite","@id":"https:\/\/www.autisme.com\/es\/#website","url":"https:\/\/www.autisme.com\/es\/","name":"Autisme la Garriga","description":"","potentialAction":[{"@type":"SearchAction","target":{"@type":"EntryPoint","urlTemplate":"https:\/\/www.autisme.com\/es\/?s={search_term_string}"},"query-input":{"@type":"PropertyValueSpecification","valueRequired":true,"valueName":"search_term_string"}}],"inLanguage":"es"},{"@type":"Person","@id":"https:\/\/www.autisme.com\/es\/#\/schema\/person\/068da86cb8b099939af2900fd1daf9a1","name":"autisme.com","image":{"@type":"ImageObject","inLanguage":"es","@id":"https:\/\/secure.gravatar.com\/avatar\/743ede46259318efc7b0b783aab3a074cfb77aceb9250f4924c6ea2f9ba8334d?s=96&d=mm&r=g","url":"https:\/\/secure.gravatar.com\/avatar\/743ede46259318efc7b0b783aab3a074cfb77aceb9250f4924c6ea2f9ba8334d?s=96&d=mm&r=g","contentUrl":"https:\/\/secure.gravatar.com\/avatar\/743ede46259318efc7b0b783aab3a074cfb77aceb9250f4924c6ea2f9ba8334d?s=96&d=mm&r=g","caption":"autisme.com"}}]}},"_links":{"self":[{"href":"https:\/\/www.autisme.com\/es\/wp-json\/wp\/v2\/posts\/1974","targetHints":{"allow":["GET"]}}],"collection":[{"href":"https:\/\/www.autisme.com\/es\/wp-json\/wp\/v2\/posts"}],"about":[{"href":"https:\/\/www.autisme.com\/es\/wp-json\/wp\/v2\/types\/post"}],"author":[{"embeddable":true,"href":"https:\/\/www.autisme.com\/es\/wp-json\/wp\/v2\/users\/1"}],"replies":[{"embeddable":true,"href":"https:\/\/www.autisme.com\/es\/wp-json\/wp\/v2\/comments?post=1974"}],"version-history":[{"count":0,"href":"https:\/\/www.autisme.com\/es\/wp-json\/wp\/v2\/posts\/1974\/revisions"}],"wp:featuredmedia":[{"embeddable":true,"href":"https:\/\/www.autisme.com\/es\/wp-json\/wp\/v2\/media\/1971"}],"wp:attachment":[{"href":"https:\/\/www.autisme.com\/es\/wp-json\/wp\/v2\/media?parent=1974"}],"wp:term":[{"taxonomy":"category","embeddable":true,"href":"https:\/\/www.autisme.com\/es\/wp-json\/wp\/v2\/categories?post=1974"},{"taxonomy":"post_tag","embeddable":true,"href":"https:\/\/www.autisme.com\/es\/wp-json\/wp\/v2\/tags?post=1974"}],"curies":[{"name":"wp","href":"https:\/\/api.w.org\/{rel}","templated":true}]}}