{"id":1997,"date":"2020-12-14T10:37:31","date_gmt":"2020-12-14T08:37:31","guid":{"rendered":"https:\/\/www.autisme.com\/2020\/12\/14\/eva-sanchez-collabora-amb-autisme-la-garriga\/"},"modified":"2020-12-14T10:40:41","modified_gmt":"2020-12-14T08:40:41","slug":"eva-sanchez-colabora-con-autismo-la-garriga","status":"publish","type":"post","link":"https:\/\/www.autisme.com\/es\/eva-sanchez-colabora-con-autismo-la-garriga\/","title":{"rendered":"Eva S\u00e1nchez colabora con Autismo la Garriga"},"content":{"rendered":"<p>Este a\u00f1o, la ilustradora <a href=\"https:\/\/www.evasanchez.cat\/\" target=\"_blank\" rel=\"noopener noreferrer\">Eva S\u00e1nchez G\u00f3mez<\/a> nos ha cedido varias ilustraciones para que puedan ser impresas en el papel reciclado que elaboran las personas con autismo que viven y trabajan en la red de servicios de <strong>autismo la garriga<\/strong>. En a\u00f1os anteriores, en \u00abPica\u00f1ol\u00bb, Jaume Gubianas, Jordi Viladoms, Carles Arbat, N\u00faria Feijo\u00f3, Roser Armeg\u00ed, Merc\u00e8 Tous y Laura Avi\u00f1\u00f3 han cedido obras suyas para la misma finalidad.<\/p>\n<p>Eva vive y trabaja en la Garriga aunque naci\u00f3 en Puigcerd\u00e0.<\/p>\n<p>Estudi\u00f3 Bellas Artes en la Universidad de Barcelona e ilustraci\u00f3n en la Escola de la Dona de la Diputaci\u00f3n de Barcelona.<\/p>\n<p>De peque\u00f1a le gustaba mucho dibujar y disfrutaba mirando como lo hac\u00eda su padre. Es en esos momentos cuando se dio cuenta de que alguien pod\u00eda realmente hacer dibujos con los que \u00ab<em>alucinaba y descubr\u00eda que las ilustraciones de los libros o las pel\u00edculas de dibujos animados no eran arte de magia, \u00a1hab\u00eda gente capaz de dibujar a estos personajes que parec\u00edan estar vivos!<\/em>\u00bb<\/p>\n<p>Eva tiene un lenguaje propio donde el l\u00e1piz, la acuarela, el carb\u00f3n o los pasteles, dan vida a sus personajes: algunos tiernos, otros gru\u00f1ones e incluso algunos inquietantes. Todos ellos, descritos con detalle y con unos toques de nostalgia, tienen un enorme protagonismo y un gran peso narrativo.<\/p>\n<p>Lo que pretende como ilustradora es compartir todo lo que la conmueve y hacer disfrutar, pensar o emocionar: desea llegar al coraz\u00f3n de su p\u00fablico. La creatividad y la imaginaci\u00f3n, para ella, son motores indispensables para el aprendizaje y el conocimiento.<\/p>\n<p>Eva ha ilustrado m\u00e1s de treinta libros para ni\u00f1os y j\u00f3venes lectores publicados en diferentes pa\u00edses.<\/p>\n<p>Ha sido seleccionada para participar en el Cat\u00e1logo Iberoamericano de Ilustraci\u00f3n SM, la Bienal de Ilustraci\u00f3n de Bratislava y la lista White Ravens 2020. Particip\u00f3 en la 7\u00aa edici\u00f3n FILustra dentro de la Feria Internacional del Libro de Guadalajara, M\u00e9xico, en 2018 y estuvo entre las ilustradoras invitadas al Festival de Literatura Infantil Bookaroo en Nueva Delhi y Bhopal 2019. Ha sido galardonada con el premio Internacional de \u00e1lbum ilustrado Edelvives, el CCEI Ilustraci\u00f3n y el premio Letteratura Ragazzi di Cento Illustrator.<\/p>\n<p>Una vez m\u00e1s, desde <strong>autismo la garriga<\/strong> agradecemos la colaboraci\u00f3n totalmente desinteresada de <a href=\"https:\/\/www.evasanchez.cat\/\" target=\"_blank\" rel=\"noopener noreferrer\">Eva S\u00e1nchez<\/a> y de los ilustradores que la han precedido.<\/p>\n<p>\u00a1Much\u00edsimas gracias a todos!<\/p>\n","protected":false},"excerpt":{"rendered":"<p>Este a\u00f1o, la ilustradora Eva S\u00e1nchez G\u00f3mez nos ha cedido varias ilustraciones para que puedan ser impresas en el papel reciclado que elaboran las personas con autismo que viven y trabajan en la red de servicios de autismo la garriga. En a\u00f1os anteriores, en \u00abPica\u00f1ol\u00bb, Jaume Gubianas, Jordi Viladoms, Carles Arbat, N\u00faria Feijo\u00f3, Roser Armeg\u00ed,&hellip;<\/p>\n","protected":false},"author":1,"featured_media":1992,"comment_status":"closed","ping_status":"closed","sticky":false,"template":"","format":"standard","meta":{"footnotes":""},"categories":[6],"tags":[],"class_list":["post-1997","post","type-post","status-publish","format-standard","has-post-thumbnail","hentry","category-sin-categorizar","category-6","description-off"],"yoast_head":"<!-- This site is optimized with the Yoast SEO plugin v27.4 - https:\/\/yoast.com\/product\/yoast-seo-wordpress\/ -->\n<title>Eva S\u00e1nchez colabora con Autismo la Garriga - Autisme la Garriga<\/title>\n<meta name=\"robots\" content=\"index, follow, max-snippet:-1, max-image-preview:large, max-video-preview:-1\" \/>\n<link rel=\"canonical\" href=\"https:\/\/www.autisme.com\/es\/eva-sanchez-colabora-con-autismo-la-garriga\/\" \/>\n<meta property=\"og:locale\" content=\"es_ES\" \/>\n<meta property=\"og:type\" content=\"article\" \/>\n<meta property=\"og:title\" content=\"Eva S\u00e1nchez colabora con Autismo la Garriga - Autisme la Garriga\" \/>\n<meta property=\"og:description\" content=\"Este a\u00f1o, la ilustradora Eva S\u00e1nchez G\u00f3mez nos ha cedido varias ilustraciones para que puedan ser impresas en el papel reciclado que elaboran las personas con autismo que viven y trabajan en la red de servicios de autismo la garriga. En a\u00f1os anteriores, en \u00abPica\u00f1ol\u00bb, Jaume Gubianas, Jordi Viladoms, Carles Arbat, N\u00faria Feijo\u00f3, Roser Armeg\u00ed,&hellip;\" \/>\n<meta property=\"og:url\" content=\"https:\/\/www.autisme.com\/es\/eva-sanchez-colabora-con-autismo-la-garriga\/\" \/>\n<meta property=\"og:site_name\" content=\"Autisme la Garriga\" \/>\n<meta property=\"article:published_time\" content=\"2020-12-14T08:37:31+00:00\" \/>\n<meta property=\"article:modified_time\" content=\"2020-12-14T08:40:41+00:00\" \/>\n<meta property=\"og:image\" content=\"https:\/\/www.autisme.com\/wp-content\/uploads\/2020\/12\/EvaSanchezGomez_05.jpg\" \/>\n\t<meta property=\"og:image:width\" content=\"1080\" \/>\n\t<meta property=\"og:image:height\" content=\"1080\" \/>\n\t<meta property=\"og:image:type\" content=\"image\/jpeg\" \/>\n<meta name=\"author\" content=\"autisme.com\" \/>\n<meta name=\"twitter:card\" content=\"summary_large_image\" \/>\n<meta name=\"twitter:label1\" content=\"Escrito por\" \/>\n\t<meta name=\"twitter:data1\" content=\"autisme.com\" \/>\n\t<meta name=\"twitter:label2\" content=\"Tiempo de lectura\" \/>\n\t<meta name=\"twitter:data2\" content=\"2 minutos\" \/>\n<script type=\"application\/ld+json\" class=\"yoast-schema-graph\">{\"@context\":\"https:\\\/\\\/schema.org\",\"@graph\":[{\"@type\":\"Article\",\"@id\":\"https:\\\/\\\/www.autisme.com\\\/es\\\/eva-sanchez-colabora-con-autismo-la-garriga\\\/#article\",\"isPartOf\":{\"@id\":\"https:\\\/\\\/www.autisme.com\\\/es\\\/eva-sanchez-colabora-con-autismo-la-garriga\\\/\"},\"author\":{\"name\":\"autisme.com\",\"@id\":\"https:\\\/\\\/www.autisme.com\\\/es\\\/#\\\/schema\\\/person\\\/068da86cb8b099939af2900fd1daf9a1\"},\"headline\":\"Eva S\u00e1nchez colabora con Autismo la Garriga\",\"datePublished\":\"2020-12-14T08:37:31+00:00\",\"dateModified\":\"2020-12-14T08:40:41+00:00\",\"mainEntityOfPage\":{\"@id\":\"https:\\\/\\\/www.autisme.com\\\/es\\\/eva-sanchez-colabora-con-autismo-la-garriga\\\/\"},\"wordCount\":417,\"image\":{\"@id\":\"https:\\\/\\\/www.autisme.com\\\/es\\\/eva-sanchez-colabora-con-autismo-la-garriga\\\/#primaryimage\"},\"thumbnailUrl\":\"https:\\\/\\\/www.autisme.com\\\/wp-content\\\/uploads\\\/2020\\\/12\\\/EvaSanchezGomez_05.jpg\",\"articleSection\":[\"Sin categorizar\"],\"inLanguage\":\"es\"},{\"@type\":\"WebPage\",\"@id\":\"https:\\\/\\\/www.autisme.com\\\/es\\\/eva-sanchez-colabora-con-autismo-la-garriga\\\/\",\"url\":\"https:\\\/\\\/www.autisme.com\\\/es\\\/eva-sanchez-colabora-con-autismo-la-garriga\\\/\",\"name\":\"Eva S\u00e1nchez colabora con Autismo la Garriga - Autisme la Garriga\",\"isPartOf\":{\"@id\":\"https:\\\/\\\/www.autisme.com\\\/es\\\/#website\"},\"primaryImageOfPage\":{\"@id\":\"https:\\\/\\\/www.autisme.com\\\/es\\\/eva-sanchez-colabora-con-autismo-la-garriga\\\/#primaryimage\"},\"image\":{\"@id\":\"https:\\\/\\\/www.autisme.com\\\/es\\\/eva-sanchez-colabora-con-autismo-la-garriga\\\/#primaryimage\"},\"thumbnailUrl\":\"https:\\\/\\\/www.autisme.com\\\/wp-content\\\/uploads\\\/2020\\\/12\\\/EvaSanchezGomez_05.jpg\",\"datePublished\":\"2020-12-14T08:37:31+00:00\",\"dateModified\":\"2020-12-14T08:40:41+00:00\",\"author\":{\"@id\":\"https:\\\/\\\/www.autisme.com\\\/es\\\/#\\\/schema\\\/person\\\/068da86cb8b099939af2900fd1daf9a1\"},\"breadcrumb\":{\"@id\":\"https:\\\/\\\/www.autisme.com\\\/es\\\/eva-sanchez-colabora-con-autismo-la-garriga\\\/#breadcrumb\"},\"inLanguage\":\"es\",\"potentialAction\":[{\"@type\":\"ReadAction\",\"target\":[\"https:\\\/\\\/www.autisme.com\\\/es\\\/eva-sanchez-colabora-con-autismo-la-garriga\\\/\"]}]},{\"@type\":\"ImageObject\",\"inLanguage\":\"es\",\"@id\":\"https:\\\/\\\/www.autisme.com\\\/es\\\/eva-sanchez-colabora-con-autismo-la-garriga\\\/#primaryimage\",\"url\":\"https:\\\/\\\/www.autisme.com\\\/wp-content\\\/uploads\\\/2020\\\/12\\\/EvaSanchezGomez_05.jpg\",\"contentUrl\":\"https:\\\/\\\/www.autisme.com\\\/wp-content\\\/uploads\\\/2020\\\/12\\\/EvaSanchezGomez_05.jpg\",\"width\":1080,\"height\":1080,\"caption\":\"Eva S\u00e1nchez G\u00f3mez\"},{\"@type\":\"BreadcrumbList\",\"@id\":\"https:\\\/\\\/www.autisme.com\\\/es\\\/eva-sanchez-colabora-con-autismo-la-garriga\\\/#breadcrumb\",\"itemListElement\":[{\"@type\":\"ListItem\",\"position\":1,\"name\":\"Inici\",\"item\":\"https:\\\/\\\/www.autisme.com\\\/es\\\/\"},{\"@type\":\"ListItem\",\"position\":2,\"name\":\"Eva S\u00e1nchez colabora con Autismo la Garriga\"}]},{\"@type\":\"WebSite\",\"@id\":\"https:\\\/\\\/www.autisme.com\\\/es\\\/#website\",\"url\":\"https:\\\/\\\/www.autisme.com\\\/es\\\/\",\"name\":\"Autisme la Garriga\",\"description\":\"\",\"potentialAction\":[{\"@type\":\"SearchAction\",\"target\":{\"@type\":\"EntryPoint\",\"urlTemplate\":\"https:\\\/\\\/www.autisme.com\\\/es\\\/?s={search_term_string}\"},\"query-input\":{\"@type\":\"PropertyValueSpecification\",\"valueRequired\":true,\"valueName\":\"search_term_string\"}}],\"inLanguage\":\"es\"},{\"@type\":\"Person\",\"@id\":\"https:\\\/\\\/www.autisme.com\\\/es\\\/#\\\/schema\\\/person\\\/068da86cb8b099939af2900fd1daf9a1\",\"name\":\"autisme.com\",\"image\":{\"@type\":\"ImageObject\",\"inLanguage\":\"es\",\"@id\":\"https:\\\/\\\/secure.gravatar.com\\\/avatar\\\/743ede46259318efc7b0b783aab3a074cfb77aceb9250f4924c6ea2f9ba8334d?s=96&d=mm&r=g\",\"url\":\"https:\\\/\\\/secure.gravatar.com\\\/avatar\\\/743ede46259318efc7b0b783aab3a074cfb77aceb9250f4924c6ea2f9ba8334d?s=96&d=mm&r=g\",\"contentUrl\":\"https:\\\/\\\/secure.gravatar.com\\\/avatar\\\/743ede46259318efc7b0b783aab3a074cfb77aceb9250f4924c6ea2f9ba8334d?s=96&d=mm&r=g\",\"caption\":\"autisme.com\"}}]}<\/script>\n<!-- \/ Yoast SEO plugin. -->","yoast_head_json":{"title":"Eva S\u00e1nchez colabora con Autismo la Garriga - Autisme la Garriga","robots":{"index":"index","follow":"follow","max-snippet":"max-snippet:-1","max-image-preview":"max-image-preview:large","max-video-preview":"max-video-preview:-1"},"canonical":"https:\/\/www.autisme.com\/es\/eva-sanchez-colabora-con-autismo-la-garriga\/","og_locale":"es_ES","og_type":"article","og_title":"Eva S\u00e1nchez colabora con Autismo la Garriga - Autisme la Garriga","og_description":"Este a\u00f1o, la ilustradora Eva S\u00e1nchez G\u00f3mez nos ha cedido varias ilustraciones para que puedan ser impresas en el papel reciclado que elaboran las personas con autismo que viven y trabajan en la red de servicios de autismo la garriga. En a\u00f1os anteriores, en \u00abPica\u00f1ol\u00bb, Jaume Gubianas, Jordi Viladoms, Carles Arbat, N\u00faria Feijo\u00f3, Roser Armeg\u00ed,&hellip;","og_url":"https:\/\/www.autisme.com\/es\/eva-sanchez-colabora-con-autismo-la-garriga\/","og_site_name":"Autisme la Garriga","article_published_time":"2020-12-14T08:37:31+00:00","article_modified_time":"2020-12-14T08:40:41+00:00","og_image":[{"width":1080,"height":1080,"url":"https:\/\/www.autisme.com\/wp-content\/uploads\/2020\/12\/EvaSanchezGomez_05.jpg","type":"image\/jpeg"}],"author":"autisme.com","twitter_card":"summary_large_image","twitter_misc":{"Escrito por":"autisme.com","Tiempo de lectura":"2 minutos"},"schema":{"@context":"https:\/\/schema.org","@graph":[{"@type":"Article","@id":"https:\/\/www.autisme.com\/es\/eva-sanchez-colabora-con-autismo-la-garriga\/#article","isPartOf":{"@id":"https:\/\/www.autisme.com\/es\/eva-sanchez-colabora-con-autismo-la-garriga\/"},"author":{"name":"autisme.com","@id":"https:\/\/www.autisme.com\/es\/#\/schema\/person\/068da86cb8b099939af2900fd1daf9a1"},"headline":"Eva S\u00e1nchez colabora con Autismo la Garriga","datePublished":"2020-12-14T08:37:31+00:00","dateModified":"2020-12-14T08:40:41+00:00","mainEntityOfPage":{"@id":"https:\/\/www.autisme.com\/es\/eva-sanchez-colabora-con-autismo-la-garriga\/"},"wordCount":417,"image":{"@id":"https:\/\/www.autisme.com\/es\/eva-sanchez-colabora-con-autismo-la-garriga\/#primaryimage"},"thumbnailUrl":"https:\/\/www.autisme.com\/wp-content\/uploads\/2020\/12\/EvaSanchezGomez_05.jpg","articleSection":["Sin categorizar"],"inLanguage":"es"},{"@type":"WebPage","@id":"https:\/\/www.autisme.com\/es\/eva-sanchez-colabora-con-autismo-la-garriga\/","url":"https:\/\/www.autisme.com\/es\/eva-sanchez-colabora-con-autismo-la-garriga\/","name":"Eva S\u00e1nchez colabora con Autismo la Garriga - Autisme la Garriga","isPartOf":{"@id":"https:\/\/www.autisme.com\/es\/#website"},"primaryImageOfPage":{"@id":"https:\/\/www.autisme.com\/es\/eva-sanchez-colabora-con-autismo-la-garriga\/#primaryimage"},"image":{"@id":"https:\/\/www.autisme.com\/es\/eva-sanchez-colabora-con-autismo-la-garriga\/#primaryimage"},"thumbnailUrl":"https:\/\/www.autisme.com\/wp-content\/uploads\/2020\/12\/EvaSanchezGomez_05.jpg","datePublished":"2020-12-14T08:37:31+00:00","dateModified":"2020-12-14T08:40:41+00:00","author":{"@id":"https:\/\/www.autisme.com\/es\/#\/schema\/person\/068da86cb8b099939af2900fd1daf9a1"},"breadcrumb":{"@id":"https:\/\/www.autisme.com\/es\/eva-sanchez-colabora-con-autismo-la-garriga\/#breadcrumb"},"inLanguage":"es","potentialAction":[{"@type":"ReadAction","target":["https:\/\/www.autisme.com\/es\/eva-sanchez-colabora-con-autismo-la-garriga\/"]}]},{"@type":"ImageObject","inLanguage":"es","@id":"https:\/\/www.autisme.com\/es\/eva-sanchez-colabora-con-autismo-la-garriga\/#primaryimage","url":"https:\/\/www.autisme.com\/wp-content\/uploads\/2020\/12\/EvaSanchezGomez_05.jpg","contentUrl":"https:\/\/www.autisme.com\/wp-content\/uploads\/2020\/12\/EvaSanchezGomez_05.jpg","width":1080,"height":1080,"caption":"Eva S\u00e1nchez G\u00f3mez"},{"@type":"BreadcrumbList","@id":"https:\/\/www.autisme.com\/es\/eva-sanchez-colabora-con-autismo-la-garriga\/#breadcrumb","itemListElement":[{"@type":"ListItem","position":1,"name":"Inici","item":"https:\/\/www.autisme.com\/es\/"},{"@type":"ListItem","position":2,"name":"Eva S\u00e1nchez colabora con Autismo la Garriga"}]},{"@type":"WebSite","@id":"https:\/\/www.autisme.com\/es\/#website","url":"https:\/\/www.autisme.com\/es\/","name":"Autisme la Garriga","description":"","potentialAction":[{"@type":"SearchAction","target":{"@type":"EntryPoint","urlTemplate":"https:\/\/www.autisme.com\/es\/?s={search_term_string}"},"query-input":{"@type":"PropertyValueSpecification","valueRequired":true,"valueName":"search_term_string"}}],"inLanguage":"es"},{"@type":"Person","@id":"https:\/\/www.autisme.com\/es\/#\/schema\/person\/068da86cb8b099939af2900fd1daf9a1","name":"autisme.com","image":{"@type":"ImageObject","inLanguage":"es","@id":"https:\/\/secure.gravatar.com\/avatar\/743ede46259318efc7b0b783aab3a074cfb77aceb9250f4924c6ea2f9ba8334d?s=96&d=mm&r=g","url":"https:\/\/secure.gravatar.com\/avatar\/743ede46259318efc7b0b783aab3a074cfb77aceb9250f4924c6ea2f9ba8334d?s=96&d=mm&r=g","contentUrl":"https:\/\/secure.gravatar.com\/avatar\/743ede46259318efc7b0b783aab3a074cfb77aceb9250f4924c6ea2f9ba8334d?s=96&d=mm&r=g","caption":"autisme.com"}}]}},"_links":{"self":[{"href":"https:\/\/www.autisme.com\/es\/wp-json\/wp\/v2\/posts\/1997","targetHints":{"allow":["GET"]}}],"collection":[{"href":"https:\/\/www.autisme.com\/es\/wp-json\/wp\/v2\/posts"}],"about":[{"href":"https:\/\/www.autisme.com\/es\/wp-json\/wp\/v2\/types\/post"}],"author":[{"embeddable":true,"href":"https:\/\/www.autisme.com\/es\/wp-json\/wp\/v2\/users\/1"}],"replies":[{"embeddable":true,"href":"https:\/\/www.autisme.com\/es\/wp-json\/wp\/v2\/comments?post=1997"}],"version-history":[{"count":0,"href":"https:\/\/www.autisme.com\/es\/wp-json\/wp\/v2\/posts\/1997\/revisions"}],"wp:featuredmedia":[{"embeddable":true,"href":"https:\/\/www.autisme.com\/es\/wp-json\/wp\/v2\/media\/1992"}],"wp:attachment":[{"href":"https:\/\/www.autisme.com\/es\/wp-json\/wp\/v2\/media?parent=1997"}],"wp:term":[{"taxonomy":"category","embeddable":true,"href":"https:\/\/www.autisme.com\/es\/wp-json\/wp\/v2\/categories?post=1997"},{"taxonomy":"post_tag","embeddable":true,"href":"https:\/\/www.autisme.com\/es\/wp-json\/wp\/v2\/tags?post=1997"}],"curies":[{"name":"wp","href":"https:\/\/api.w.org\/{rel}","templated":true}]}}