{"id":2035,"date":"2021-02-01T18:52:25","date_gmt":"2021-02-01T16:52:25","guid":{"rendered":"https:\/\/www.autisme.com\/2021\/02\/01\/la-fundacio-once-financa-un-taller-de-musicoterapia-per-a-persones-amb-tea-de-la-fundacio-congost-autisme\/"},"modified":"2021-02-01T19:02:22","modified_gmt":"2021-02-01T17:02:22","slug":"la-fundacio-once-financa-un-taller-de-musicoterapia-per-a-persones-amb-tea-de-la-fundacio-congost-autisme","status":"publish","type":"post","link":"https:\/\/www.autisme.com\/es\/la-fundacio-once-financa-un-taller-de-musicoterapia-per-a-persones-amb-tea-de-la-fundacio-congost-autisme\/","title":{"rendered":"Fundaci\u00f3n ONCE financia un taller de musicoterapia para personas con TEA de la Fundaci\u00f3n Congost Autisme"},"content":{"rendered":"<h2>El objetivo principal de este proyecto es mejorar la comunicaci\u00f3n de las personas con autismo<\/h2>\n<p><a href=\"https:\/\/www.fundaciononce.es\/\" target=\"_blank\" rel=\"noopener\">Fundaci\u00f3n ONCE<\/a> financiar\u00e1 la puesta en marcha de un taller de musicoterapia para personas con autismo y discapacidad intelectual de la Fundaci\u00f3n Congost Autisme, una fundaci\u00f3n ubicada en la Garriga (Barcelona) que trabaja para mejorar la calidad de vida de los ciudadanos con trastorno del espectro del autismo y sus familias. Este taller se llevar\u00e1 a cabo en las instalaciones de Autismo la Garriga.<\/p>\n<p>Seg\u00fan indica la entidad, el objetivo del taller es estimular la creatividad y el crecimiento personal, tanto individual como grupal, as\u00ed como ofrecer oportunidades para el aprendizaje musical a las personas con autismo, a quienes \u201ccomportar\u00e1 beneficios muy significativos, tanto cuantitativa como cualitativamente\u201d.<\/p>\n<p>\u201cLa musicoterapia como t\u00e9cnica de intervenci\u00f3n terap\u00e9utica incide en la disminuci\u00f3n de conductas problem\u00e1ticas y repetitivas asociadas al autismo, mejora la relaci\u00f3n interpersonal con los compa\u00f1eros, familiares y profesionales y estimula cognitiva y motrizmente a los participantes. La m\u00fasica, un lenguaje universal, se convierte en una herramienta ideal para seguir un modelo de vida activa\u201d, asegura Rebeca S\u00e1nchez, directora de la Fundaci\u00f3n Congost Autisme.<\/p>\n<p>Desde esta perspectiva, el taller, que impartir\u00e1 una especialista en pedagog\u00eda musical acompa\u00f1ada por educadores conocedores del autismo, se estructurar\u00e1 en sesiones semanales de entre 45 minutos y una hora de duraci\u00f3n, a las que acudir\u00e1n grupos reducidos de entre cuatro y ocho personas.<\/p>\n<p>En funci\u00f3n de sus capacidades e inter\u00e9s por la m\u00fasica, los participantes se distribuir\u00e1n en tres grupos: oyentes, solistas y m\u00fasicos. En todos ellos, los profesionales utilizar\u00e1n juegos y ejercicios totalmente inclusivos para estimular la expresi\u00f3n mediante estilos musicales existentes o mediante otros nuevos y propios.\u00a0 Se servir\u00e1n de instrumentos convencionales y otro tipo de material como piedras, cucharas, palos o ca\u00f1as.<\/p>\n","protected":false},"excerpt":{"rendered":"<p>El objetivo principal de este proyecto es mejorar la comunicaci\u00f3n de las personas con autismo Fundaci\u00f3n ONCE financiar\u00e1 la puesta en marcha de un taller de musicoterapia para personas con autismo y discapacidad intelectual de la Fundaci\u00f3n Congost Autisme, una fundaci\u00f3n ubicada en la Garriga (Barcelona) que trabaja para mejorar la calidad de vida de&hellip;<\/p>\n","protected":false},"author":1,"featured_media":2033,"comment_status":"closed","ping_status":"closed","sticky":false,"template":"","format":"standard","meta":{"footnotes":""},"categories":[6],"tags":[],"class_list":["post-2035","post","type-post","status-publish","format-standard","has-post-thumbnail","hentry","category-sin-categorizar","category-6","description-off"],"yoast_head":"<!-- This site is optimized with the Yoast SEO plugin v27.4 - https:\/\/yoast.com\/product\/yoast-seo-wordpress\/ -->\n<title>Fundaci\u00f3n ONCE financia un taller de musicoterapia para personas con TEA de la Fundaci\u00f3n Congost Autisme - Autisme la Garriga<\/title>\n<meta name=\"robots\" content=\"index, follow, max-snippet:-1, max-image-preview:large, max-video-preview:-1\" \/>\n<link rel=\"canonical\" href=\"https:\/\/www.autisme.com\/es\/la-fundacio-once-financa-un-taller-de-musicoterapia-per-a-persones-amb-tea-de-la-fundacio-congost-autisme\/\" \/>\n<meta property=\"og:locale\" content=\"es_ES\" \/>\n<meta property=\"og:type\" content=\"article\" \/>\n<meta property=\"og:title\" content=\"Fundaci\u00f3n ONCE financia un taller de musicoterapia para personas con TEA de la Fundaci\u00f3n Congost Autisme - Autisme la Garriga\" \/>\n<meta property=\"og:description\" content=\"El objetivo principal de este proyecto es mejorar la comunicaci\u00f3n de las personas con autismo Fundaci\u00f3n ONCE financiar\u00e1 la puesta en marcha de un taller de musicoterapia para personas con autismo y discapacidad intelectual de la Fundaci\u00f3n Congost Autisme, una fundaci\u00f3n ubicada en la Garriga (Barcelona) que trabaja para mejorar la calidad de vida de&hellip;\" \/>\n<meta property=\"og:url\" content=\"https:\/\/www.autisme.com\/es\/la-fundacio-once-financa-un-taller-de-musicoterapia-per-a-persones-amb-tea-de-la-fundacio-congost-autisme\/\" \/>\n<meta property=\"og:site_name\" content=\"Autisme la Garriga\" \/>\n<meta property=\"article:published_time\" content=\"2021-02-01T16:52:25+00:00\" \/>\n<meta property=\"article:modified_time\" content=\"2021-02-01T17:02:22+00:00\" \/>\n<meta property=\"og:image\" content=\"https:\/\/www.autisme.com\/wp-content\/uploads\/2021\/02\/Foto05.jpg\" \/>\n\t<meta property=\"og:image:width\" content=\"1487\" \/>\n\t<meta property=\"og:image:height\" content=\"1080\" \/>\n\t<meta property=\"og:image:type\" content=\"image\/jpeg\" \/>\n<meta name=\"author\" content=\"autisme.com\" \/>\n<meta name=\"twitter:card\" content=\"summary_large_image\" \/>\n<meta name=\"twitter:label1\" content=\"Escrito por\" \/>\n\t<meta name=\"twitter:data1\" content=\"autisme.com\" \/>\n\t<meta name=\"twitter:label2\" content=\"Tiempo de lectura\" \/>\n\t<meta name=\"twitter:data2\" content=\"2 minutos\" \/>\n<script type=\"application\/ld+json\" class=\"yoast-schema-graph\">{\"@context\":\"https:\\\/\\\/schema.org\",\"@graph\":[{\"@type\":\"Article\",\"@id\":\"https:\\\/\\\/www.autisme.com\\\/es\\\/la-fundacio-once-financa-un-taller-de-musicoterapia-per-a-persones-amb-tea-de-la-fundacio-congost-autisme\\\/#article\",\"isPartOf\":{\"@id\":\"https:\\\/\\\/www.autisme.com\\\/es\\\/la-fundacio-once-financa-un-taller-de-musicoterapia-per-a-persones-amb-tea-de-la-fundacio-congost-autisme\\\/\"},\"author\":{\"name\":\"autisme.com\",\"@id\":\"https:\\\/\\\/www.autisme.com\\\/es\\\/#\\\/schema\\\/person\\\/068da86cb8b099939af2900fd1daf9a1\"},\"headline\":\"Fundaci\u00f3n ONCE financia un taller de musicoterapia para personas con TEA de la Fundaci\u00f3n Congost Autisme\",\"datePublished\":\"2021-02-01T16:52:25+00:00\",\"dateModified\":\"2021-02-01T17:02:22+00:00\",\"mainEntityOfPage\":{\"@id\":\"https:\\\/\\\/www.autisme.com\\\/es\\\/la-fundacio-once-financa-un-taller-de-musicoterapia-per-a-persones-amb-tea-de-la-fundacio-congost-autisme\\\/\"},\"wordCount\":337,\"image\":{\"@id\":\"https:\\\/\\\/www.autisme.com\\\/es\\\/la-fundacio-once-financa-un-taller-de-musicoterapia-per-a-persones-amb-tea-de-la-fundacio-congost-autisme\\\/#primaryimage\"},\"thumbnailUrl\":\"https:\\\/\\\/www.autisme.com\\\/wp-content\\\/uploads\\\/2021\\\/02\\\/Foto05.jpg\",\"articleSection\":[\"Sin categorizar\"],\"inLanguage\":\"es\"},{\"@type\":\"WebPage\",\"@id\":\"https:\\\/\\\/www.autisme.com\\\/es\\\/la-fundacio-once-financa-un-taller-de-musicoterapia-per-a-persones-amb-tea-de-la-fundacio-congost-autisme\\\/\",\"url\":\"https:\\\/\\\/www.autisme.com\\\/es\\\/la-fundacio-once-financa-un-taller-de-musicoterapia-per-a-persones-amb-tea-de-la-fundacio-congost-autisme\\\/\",\"name\":\"Fundaci\u00f3n ONCE financia un taller de musicoterapia para personas con TEA de la Fundaci\u00f3n Congost Autisme - Autisme la Garriga\",\"isPartOf\":{\"@id\":\"https:\\\/\\\/www.autisme.com\\\/es\\\/#website\"},\"primaryImageOfPage\":{\"@id\":\"https:\\\/\\\/www.autisme.com\\\/es\\\/la-fundacio-once-financa-un-taller-de-musicoterapia-per-a-persones-amb-tea-de-la-fundacio-congost-autisme\\\/#primaryimage\"},\"image\":{\"@id\":\"https:\\\/\\\/www.autisme.com\\\/es\\\/la-fundacio-once-financa-un-taller-de-musicoterapia-per-a-persones-amb-tea-de-la-fundacio-congost-autisme\\\/#primaryimage\"},\"thumbnailUrl\":\"https:\\\/\\\/www.autisme.com\\\/wp-content\\\/uploads\\\/2021\\\/02\\\/Foto05.jpg\",\"datePublished\":\"2021-02-01T16:52:25+00:00\",\"dateModified\":\"2021-02-01T17:02:22+00:00\",\"author\":{\"@id\":\"https:\\\/\\\/www.autisme.com\\\/es\\\/#\\\/schema\\\/person\\\/068da86cb8b099939af2900fd1daf9a1\"},\"breadcrumb\":{\"@id\":\"https:\\\/\\\/www.autisme.com\\\/es\\\/la-fundacio-once-financa-un-taller-de-musicoterapia-per-a-persones-amb-tea-de-la-fundacio-congost-autisme\\\/#breadcrumb\"},\"inLanguage\":\"es\",\"potentialAction\":[{\"@type\":\"ReadAction\",\"target\":[\"https:\\\/\\\/www.autisme.com\\\/es\\\/la-fundacio-once-financa-un-taller-de-musicoterapia-per-a-persones-amb-tea-de-la-fundacio-congost-autisme\\\/\"]}]},{\"@type\":\"ImageObject\",\"inLanguage\":\"es\",\"@id\":\"https:\\\/\\\/www.autisme.com\\\/es\\\/la-fundacio-once-financa-un-taller-de-musicoterapia-per-a-persones-amb-tea-de-la-fundacio-congost-autisme\\\/#primaryimage\",\"url\":\"https:\\\/\\\/www.autisme.com\\\/wp-content\\\/uploads\\\/2021\\\/02\\\/Foto05.jpg\",\"contentUrl\":\"https:\\\/\\\/www.autisme.com\\\/wp-content\\\/uploads\\\/2021\\\/02\\\/Foto05.jpg\",\"width\":1487,\"height\":1080},{\"@type\":\"BreadcrumbList\",\"@id\":\"https:\\\/\\\/www.autisme.com\\\/es\\\/la-fundacio-once-financa-un-taller-de-musicoterapia-per-a-persones-amb-tea-de-la-fundacio-congost-autisme\\\/#breadcrumb\",\"itemListElement\":[{\"@type\":\"ListItem\",\"position\":1,\"name\":\"Inici\",\"item\":\"https:\\\/\\\/www.autisme.com\\\/es\\\/\"},{\"@type\":\"ListItem\",\"position\":2,\"name\":\"Fundaci\u00f3n ONCE financia un taller de musicoterapia para personas con TEA de la Fundaci\u00f3n Congost Autisme\"}]},{\"@type\":\"WebSite\",\"@id\":\"https:\\\/\\\/www.autisme.com\\\/es\\\/#website\",\"url\":\"https:\\\/\\\/www.autisme.com\\\/es\\\/\",\"name\":\"Autisme la Garriga\",\"description\":\"\",\"potentialAction\":[{\"@type\":\"SearchAction\",\"target\":{\"@type\":\"EntryPoint\",\"urlTemplate\":\"https:\\\/\\\/www.autisme.com\\\/es\\\/?s={search_term_string}\"},\"query-input\":{\"@type\":\"PropertyValueSpecification\",\"valueRequired\":true,\"valueName\":\"search_term_string\"}}],\"inLanguage\":\"es\"},{\"@type\":\"Person\",\"@id\":\"https:\\\/\\\/www.autisme.com\\\/es\\\/#\\\/schema\\\/person\\\/068da86cb8b099939af2900fd1daf9a1\",\"name\":\"autisme.com\",\"image\":{\"@type\":\"ImageObject\",\"inLanguage\":\"es\",\"@id\":\"https:\\\/\\\/secure.gravatar.com\\\/avatar\\\/743ede46259318efc7b0b783aab3a074cfb77aceb9250f4924c6ea2f9ba8334d?s=96&d=mm&r=g\",\"url\":\"https:\\\/\\\/secure.gravatar.com\\\/avatar\\\/743ede46259318efc7b0b783aab3a074cfb77aceb9250f4924c6ea2f9ba8334d?s=96&d=mm&r=g\",\"contentUrl\":\"https:\\\/\\\/secure.gravatar.com\\\/avatar\\\/743ede46259318efc7b0b783aab3a074cfb77aceb9250f4924c6ea2f9ba8334d?s=96&d=mm&r=g\",\"caption\":\"autisme.com\"}}]}<\/script>\n<!-- \/ Yoast SEO plugin. -->","yoast_head_json":{"title":"Fundaci\u00f3n ONCE financia un taller de musicoterapia para personas con TEA de la Fundaci\u00f3n Congost Autisme - Autisme la Garriga","robots":{"index":"index","follow":"follow","max-snippet":"max-snippet:-1","max-image-preview":"max-image-preview:large","max-video-preview":"max-video-preview:-1"},"canonical":"https:\/\/www.autisme.com\/es\/la-fundacio-once-financa-un-taller-de-musicoterapia-per-a-persones-amb-tea-de-la-fundacio-congost-autisme\/","og_locale":"es_ES","og_type":"article","og_title":"Fundaci\u00f3n ONCE financia un taller de musicoterapia para personas con TEA de la Fundaci\u00f3n Congost Autisme - Autisme la Garriga","og_description":"El objetivo principal de este proyecto es mejorar la comunicaci\u00f3n de las personas con autismo Fundaci\u00f3n ONCE financiar\u00e1 la puesta en marcha de un taller de musicoterapia para personas con autismo y discapacidad intelectual de la Fundaci\u00f3n Congost Autisme, una fundaci\u00f3n ubicada en la Garriga (Barcelona) que trabaja para mejorar la calidad de vida de&hellip;","og_url":"https:\/\/www.autisme.com\/es\/la-fundacio-once-financa-un-taller-de-musicoterapia-per-a-persones-amb-tea-de-la-fundacio-congost-autisme\/","og_site_name":"Autisme la Garriga","article_published_time":"2021-02-01T16:52:25+00:00","article_modified_time":"2021-02-01T17:02:22+00:00","og_image":[{"width":1487,"height":1080,"url":"https:\/\/www.autisme.com\/wp-content\/uploads\/2021\/02\/Foto05.jpg","type":"image\/jpeg"}],"author":"autisme.com","twitter_card":"summary_large_image","twitter_misc":{"Escrito por":"autisme.com","Tiempo de lectura":"2 minutos"},"schema":{"@context":"https:\/\/schema.org","@graph":[{"@type":"Article","@id":"https:\/\/www.autisme.com\/es\/la-fundacio-once-financa-un-taller-de-musicoterapia-per-a-persones-amb-tea-de-la-fundacio-congost-autisme\/#article","isPartOf":{"@id":"https:\/\/www.autisme.com\/es\/la-fundacio-once-financa-un-taller-de-musicoterapia-per-a-persones-amb-tea-de-la-fundacio-congost-autisme\/"},"author":{"name":"autisme.com","@id":"https:\/\/www.autisme.com\/es\/#\/schema\/person\/068da86cb8b099939af2900fd1daf9a1"},"headline":"Fundaci\u00f3n ONCE financia un taller de musicoterapia para personas con TEA de la Fundaci\u00f3n Congost Autisme","datePublished":"2021-02-01T16:52:25+00:00","dateModified":"2021-02-01T17:02:22+00:00","mainEntityOfPage":{"@id":"https:\/\/www.autisme.com\/es\/la-fundacio-once-financa-un-taller-de-musicoterapia-per-a-persones-amb-tea-de-la-fundacio-congost-autisme\/"},"wordCount":337,"image":{"@id":"https:\/\/www.autisme.com\/es\/la-fundacio-once-financa-un-taller-de-musicoterapia-per-a-persones-amb-tea-de-la-fundacio-congost-autisme\/#primaryimage"},"thumbnailUrl":"https:\/\/www.autisme.com\/wp-content\/uploads\/2021\/02\/Foto05.jpg","articleSection":["Sin categorizar"],"inLanguage":"es"},{"@type":"WebPage","@id":"https:\/\/www.autisme.com\/es\/la-fundacio-once-financa-un-taller-de-musicoterapia-per-a-persones-amb-tea-de-la-fundacio-congost-autisme\/","url":"https:\/\/www.autisme.com\/es\/la-fundacio-once-financa-un-taller-de-musicoterapia-per-a-persones-amb-tea-de-la-fundacio-congost-autisme\/","name":"Fundaci\u00f3n ONCE financia un taller de musicoterapia para personas con TEA de la Fundaci\u00f3n Congost Autisme - Autisme la Garriga","isPartOf":{"@id":"https:\/\/www.autisme.com\/es\/#website"},"primaryImageOfPage":{"@id":"https:\/\/www.autisme.com\/es\/la-fundacio-once-financa-un-taller-de-musicoterapia-per-a-persones-amb-tea-de-la-fundacio-congost-autisme\/#primaryimage"},"image":{"@id":"https:\/\/www.autisme.com\/es\/la-fundacio-once-financa-un-taller-de-musicoterapia-per-a-persones-amb-tea-de-la-fundacio-congost-autisme\/#primaryimage"},"thumbnailUrl":"https:\/\/www.autisme.com\/wp-content\/uploads\/2021\/02\/Foto05.jpg","datePublished":"2021-02-01T16:52:25+00:00","dateModified":"2021-02-01T17:02:22+00:00","author":{"@id":"https:\/\/www.autisme.com\/es\/#\/schema\/person\/068da86cb8b099939af2900fd1daf9a1"},"breadcrumb":{"@id":"https:\/\/www.autisme.com\/es\/la-fundacio-once-financa-un-taller-de-musicoterapia-per-a-persones-amb-tea-de-la-fundacio-congost-autisme\/#breadcrumb"},"inLanguage":"es","potentialAction":[{"@type":"ReadAction","target":["https:\/\/www.autisme.com\/es\/la-fundacio-once-financa-un-taller-de-musicoterapia-per-a-persones-amb-tea-de-la-fundacio-congost-autisme\/"]}]},{"@type":"ImageObject","inLanguage":"es","@id":"https:\/\/www.autisme.com\/es\/la-fundacio-once-financa-un-taller-de-musicoterapia-per-a-persones-amb-tea-de-la-fundacio-congost-autisme\/#primaryimage","url":"https:\/\/www.autisme.com\/wp-content\/uploads\/2021\/02\/Foto05.jpg","contentUrl":"https:\/\/www.autisme.com\/wp-content\/uploads\/2021\/02\/Foto05.jpg","width":1487,"height":1080},{"@type":"BreadcrumbList","@id":"https:\/\/www.autisme.com\/es\/la-fundacio-once-financa-un-taller-de-musicoterapia-per-a-persones-amb-tea-de-la-fundacio-congost-autisme\/#breadcrumb","itemListElement":[{"@type":"ListItem","position":1,"name":"Inici","item":"https:\/\/www.autisme.com\/es\/"},{"@type":"ListItem","position":2,"name":"Fundaci\u00f3n ONCE financia un taller de musicoterapia para personas con TEA de la Fundaci\u00f3n Congost Autisme"}]},{"@type":"WebSite","@id":"https:\/\/www.autisme.com\/es\/#website","url":"https:\/\/www.autisme.com\/es\/","name":"Autisme la Garriga","description":"","potentialAction":[{"@type":"SearchAction","target":{"@type":"EntryPoint","urlTemplate":"https:\/\/www.autisme.com\/es\/?s={search_term_string}"},"query-input":{"@type":"PropertyValueSpecification","valueRequired":true,"valueName":"search_term_string"}}],"inLanguage":"es"},{"@type":"Person","@id":"https:\/\/www.autisme.com\/es\/#\/schema\/person\/068da86cb8b099939af2900fd1daf9a1","name":"autisme.com","image":{"@type":"ImageObject","inLanguage":"es","@id":"https:\/\/secure.gravatar.com\/avatar\/743ede46259318efc7b0b783aab3a074cfb77aceb9250f4924c6ea2f9ba8334d?s=96&d=mm&r=g","url":"https:\/\/secure.gravatar.com\/avatar\/743ede46259318efc7b0b783aab3a074cfb77aceb9250f4924c6ea2f9ba8334d?s=96&d=mm&r=g","contentUrl":"https:\/\/secure.gravatar.com\/avatar\/743ede46259318efc7b0b783aab3a074cfb77aceb9250f4924c6ea2f9ba8334d?s=96&d=mm&r=g","caption":"autisme.com"}}]}},"_links":{"self":[{"href":"https:\/\/www.autisme.com\/es\/wp-json\/wp\/v2\/posts\/2035","targetHints":{"allow":["GET"]}}],"collection":[{"href":"https:\/\/www.autisme.com\/es\/wp-json\/wp\/v2\/posts"}],"about":[{"href":"https:\/\/www.autisme.com\/es\/wp-json\/wp\/v2\/types\/post"}],"author":[{"embeddable":true,"href":"https:\/\/www.autisme.com\/es\/wp-json\/wp\/v2\/users\/1"}],"replies":[{"embeddable":true,"href":"https:\/\/www.autisme.com\/es\/wp-json\/wp\/v2\/comments?post=2035"}],"version-history":[{"count":0,"href":"https:\/\/www.autisme.com\/es\/wp-json\/wp\/v2\/posts\/2035\/revisions"}],"wp:featuredmedia":[{"embeddable":true,"href":"https:\/\/www.autisme.com\/es\/wp-json\/wp\/v2\/media\/2033"}],"wp:attachment":[{"href":"https:\/\/www.autisme.com\/es\/wp-json\/wp\/v2\/media?parent=2035"}],"wp:term":[{"taxonomy":"category","embeddable":true,"href":"https:\/\/www.autisme.com\/es\/wp-json\/wp\/v2\/categories?post=2035"},{"taxonomy":"post_tag","embeddable":true,"href":"https:\/\/www.autisme.com\/es\/wp-json\/wp\/v2\/tags?post=2035"}],"curies":[{"name":"wp","href":"https:\/\/api.w.org\/{rel}","templated":true}]}}