{"id":2053,"date":"2021-03-14T11:17:47","date_gmt":"2021-03-14T09:17:47","guid":{"rendered":"https:\/\/www.autisme.com\/2021\/03\/14\/autisme-la-garriga-fa-45-anys\/"},"modified":"2021-03-14T11:27:31","modified_gmt":"2021-03-14T09:27:31","slug":"45-anos-de-autismo-la-garriga","status":"publish","type":"post","link":"https:\/\/www.autisme.com\/es\/45-anos-de-autismo-la-garriga\/","title":{"rendered":"\u00a145 a\u00f1os de Autismo la Garriga!"},"content":{"rendered":"<p>Esta semana la Confederaci\u00f3n Autismo Espa\u00f1a ha entrevistado a Marta Roca con motivo de los 45 a\u00f1os de APAFAC, la entidad con la que naci\u00f3 <strong>autismo la garriga<\/strong>. A lo largo de la entrevista se explica el porqu\u00e9, el qu\u00e9 y el c\u00f3mo de nuestro proyecto.<\/p>\n<p>Puedes leer la entrevista \u00edntegramente <a href=\"http:\/\/autismo.org.es\/actualidad\/articulo\/el-movimiento-asociativo-es-clave-para-avanzar-en-la-mejora-de-la-calidad-de\" target=\"_blank\" rel=\"noopener\">aqu\u00ed<\/a>.<\/p>\n","protected":false},"excerpt":{"rendered":"<p>Esta semana la Confederaci\u00f3n Autismo Espa\u00f1a ha entrevistado a Marta Roca con motivo de los 45 a\u00f1os de APAFAC, la entidad con la que naci\u00f3 autismo la garriga. A lo largo de la entrevista se explica el porqu\u00e9, el qu\u00e9 y el c\u00f3mo de nuestro proyecto. Puedes leer la entrevista \u00edntegramente aqu\u00ed.<\/p>\n","protected":false},"author":1,"featured_media":2051,"comment_status":"closed","ping_status":"closed","sticky":false,"template":"","format":"standard","meta":{"footnotes":""},"categories":[6],"tags":[],"class_list":["post-2053","post","type-post","status-publish","format-standard","has-post-thumbnail","hentry","category-sin-categorizar","category-6","description-off"],"yoast_head":"<!-- This site is optimized with the Yoast SEO plugin v27.4 - https:\/\/yoast.com\/product\/yoast-seo-wordpress\/ -->\n<title>\u00a145 a\u00f1os de Autismo la Garriga! - Autisme la Garriga<\/title>\n<meta name=\"description\" content=\"Entrevista a Marta Roca, presidenta de APAFAC, con motivo del 45 aniversario de Autismo la Garriga.\" \/>\n<meta name=\"robots\" content=\"index, follow, max-snippet:-1, max-image-preview:large, max-video-preview:-1\" \/>\n<link rel=\"canonical\" href=\"https:\/\/www.autisme.com\/es\/45-anos-de-autismo-la-garriga\/\" \/>\n<meta property=\"og:locale\" content=\"es_ES\" \/>\n<meta property=\"og:type\" content=\"article\" \/>\n<meta property=\"og:title\" content=\"\u00a145 a\u00f1os de Autismo la Garriga! - Autisme la Garriga\" \/>\n<meta property=\"og:description\" content=\"Entrevista a Marta Roca, presidenta de APAFAC, con motivo del 45 aniversario de Autismo la Garriga.\" \/>\n<meta property=\"og:url\" content=\"https:\/\/www.autisme.com\/es\/45-anos-de-autismo-la-garriga\/\" \/>\n<meta property=\"og:site_name\" content=\"Autisme la Garriga\" \/>\n<meta property=\"article:published_time\" content=\"2021-03-14T09:17:47+00:00\" \/>\n<meta property=\"article:modified_time\" content=\"2021-03-14T09:27:31+00:00\" \/>\n<meta property=\"og:image\" content=\"https:\/\/www.autisme.com\/wp-content\/uploads\/2021\/03\/MRoca.jpg\" \/>\n\t<meta property=\"og:image:width\" content=\"1200\" \/>\n\t<meta property=\"og:image:height\" content=\"764\" \/>\n\t<meta property=\"og:image:type\" content=\"image\/jpeg\" \/>\n<meta name=\"author\" content=\"autisme.com\" \/>\n<meta name=\"twitter:card\" content=\"summary_large_image\" \/>\n<meta name=\"twitter:label1\" content=\"Escrito por\" \/>\n\t<meta name=\"twitter:data1\" content=\"autisme.com\" \/>\n\t<meta name=\"twitter:label2\" content=\"Tiempo de lectura\" \/>\n\t<meta name=\"twitter:data2\" content=\"1 minuto\" \/>\n<script type=\"application\/ld+json\" class=\"yoast-schema-graph\">{\"@context\":\"https:\\\/\\\/schema.org\",\"@graph\":[{\"@type\":\"Article\",\"@id\":\"https:\\\/\\\/www.autisme.com\\\/es\\\/45-anos-de-autismo-la-garriga\\\/#article\",\"isPartOf\":{\"@id\":\"https:\\\/\\\/www.autisme.com\\\/es\\\/45-anos-de-autismo-la-garriga\\\/\"},\"author\":{\"name\":\"autisme.com\",\"@id\":\"https:\\\/\\\/www.autisme.com\\\/es\\\/#\\\/schema\\\/person\\\/068da86cb8b099939af2900fd1daf9a1\"},\"headline\":\"\u00a145 a\u00f1os de Autismo la Garriga!\",\"datePublished\":\"2021-03-14T09:17:47+00:00\",\"dateModified\":\"2021-03-14T09:27:31+00:00\",\"mainEntityOfPage\":{\"@id\":\"https:\\\/\\\/www.autisme.com\\\/es\\\/45-anos-de-autismo-la-garriga\\\/\"},\"wordCount\":61,\"image\":{\"@id\":\"https:\\\/\\\/www.autisme.com\\\/es\\\/45-anos-de-autismo-la-garriga\\\/#primaryimage\"},\"thumbnailUrl\":\"https:\\\/\\\/www.autisme.com\\\/wp-content\\\/uploads\\\/2021\\\/03\\\/MRoca.jpg\",\"articleSection\":[\"Sin categorizar\"],\"inLanguage\":\"es\"},{\"@type\":\"WebPage\",\"@id\":\"https:\\\/\\\/www.autisme.com\\\/es\\\/45-anos-de-autismo-la-garriga\\\/\",\"url\":\"https:\\\/\\\/www.autisme.com\\\/es\\\/45-anos-de-autismo-la-garriga\\\/\",\"name\":\"\u00a145 a\u00f1os de Autismo la Garriga! - Autisme la Garriga\",\"isPartOf\":{\"@id\":\"https:\\\/\\\/www.autisme.com\\\/es\\\/#website\"},\"primaryImageOfPage\":{\"@id\":\"https:\\\/\\\/www.autisme.com\\\/es\\\/45-anos-de-autismo-la-garriga\\\/#primaryimage\"},\"image\":{\"@id\":\"https:\\\/\\\/www.autisme.com\\\/es\\\/45-anos-de-autismo-la-garriga\\\/#primaryimage\"},\"thumbnailUrl\":\"https:\\\/\\\/www.autisme.com\\\/wp-content\\\/uploads\\\/2021\\\/03\\\/MRoca.jpg\",\"datePublished\":\"2021-03-14T09:17:47+00:00\",\"dateModified\":\"2021-03-14T09:27:31+00:00\",\"author\":{\"@id\":\"https:\\\/\\\/www.autisme.com\\\/es\\\/#\\\/schema\\\/person\\\/068da86cb8b099939af2900fd1daf9a1\"},\"description\":\"Entrevista a Marta Roca, presidenta de APAFAC, con motivo del 45 aniversario de Autismo la Garriga.\",\"breadcrumb\":{\"@id\":\"https:\\\/\\\/www.autisme.com\\\/es\\\/45-anos-de-autismo-la-garriga\\\/#breadcrumb\"},\"inLanguage\":\"es\",\"potentialAction\":[{\"@type\":\"ReadAction\",\"target\":[\"https:\\\/\\\/www.autisme.com\\\/es\\\/45-anos-de-autismo-la-garriga\\\/\"]}]},{\"@type\":\"ImageObject\",\"inLanguage\":\"es\",\"@id\":\"https:\\\/\\\/www.autisme.com\\\/es\\\/45-anos-de-autismo-la-garriga\\\/#primaryimage\",\"url\":\"https:\\\/\\\/www.autisme.com\\\/wp-content\\\/uploads\\\/2021\\\/03\\\/MRoca.jpg\",\"contentUrl\":\"https:\\\/\\\/www.autisme.com\\\/wp-content\\\/uploads\\\/2021\\\/03\\\/MRoca.jpg\",\"width\":1200,\"height\":764,\"caption\":\"Marta Roca - Presidenta d'APAFAC\"},{\"@type\":\"BreadcrumbList\",\"@id\":\"https:\\\/\\\/www.autisme.com\\\/es\\\/45-anos-de-autismo-la-garriga\\\/#breadcrumb\",\"itemListElement\":[{\"@type\":\"ListItem\",\"position\":1,\"name\":\"Inici\",\"item\":\"https:\\\/\\\/www.autisme.com\\\/es\\\/\"},{\"@type\":\"ListItem\",\"position\":2,\"name\":\"\u00a145 a\u00f1os de Autismo la Garriga!\"}]},{\"@type\":\"WebSite\",\"@id\":\"https:\\\/\\\/www.autisme.com\\\/es\\\/#website\",\"url\":\"https:\\\/\\\/www.autisme.com\\\/es\\\/\",\"name\":\"Autisme la Garriga\",\"description\":\"\",\"potentialAction\":[{\"@type\":\"SearchAction\",\"target\":{\"@type\":\"EntryPoint\",\"urlTemplate\":\"https:\\\/\\\/www.autisme.com\\\/es\\\/?s={search_term_string}\"},\"query-input\":{\"@type\":\"PropertyValueSpecification\",\"valueRequired\":true,\"valueName\":\"search_term_string\"}}],\"inLanguage\":\"es\"},{\"@type\":\"Person\",\"@id\":\"https:\\\/\\\/www.autisme.com\\\/es\\\/#\\\/schema\\\/person\\\/068da86cb8b099939af2900fd1daf9a1\",\"name\":\"autisme.com\",\"image\":{\"@type\":\"ImageObject\",\"inLanguage\":\"es\",\"@id\":\"https:\\\/\\\/secure.gravatar.com\\\/avatar\\\/743ede46259318efc7b0b783aab3a074cfb77aceb9250f4924c6ea2f9ba8334d?s=96&d=mm&r=g\",\"url\":\"https:\\\/\\\/secure.gravatar.com\\\/avatar\\\/743ede46259318efc7b0b783aab3a074cfb77aceb9250f4924c6ea2f9ba8334d?s=96&d=mm&r=g\",\"contentUrl\":\"https:\\\/\\\/secure.gravatar.com\\\/avatar\\\/743ede46259318efc7b0b783aab3a074cfb77aceb9250f4924c6ea2f9ba8334d?s=96&d=mm&r=g\",\"caption\":\"autisme.com\"}}]}<\/script>\n<!-- \/ Yoast SEO plugin. -->","yoast_head_json":{"title":"\u00a145 a\u00f1os de Autismo la Garriga! - Autisme la Garriga","description":"Entrevista a Marta Roca, presidenta de APAFAC, con motivo del 45 aniversario de Autismo la Garriga.","robots":{"index":"index","follow":"follow","max-snippet":"max-snippet:-1","max-image-preview":"max-image-preview:large","max-video-preview":"max-video-preview:-1"},"canonical":"https:\/\/www.autisme.com\/es\/45-anos-de-autismo-la-garriga\/","og_locale":"es_ES","og_type":"article","og_title":"\u00a145 a\u00f1os de Autismo la Garriga! - Autisme la Garriga","og_description":"Entrevista a Marta Roca, presidenta de APAFAC, con motivo del 45 aniversario de Autismo la Garriga.","og_url":"https:\/\/www.autisme.com\/es\/45-anos-de-autismo-la-garriga\/","og_site_name":"Autisme la Garriga","article_published_time":"2021-03-14T09:17:47+00:00","article_modified_time":"2021-03-14T09:27:31+00:00","og_image":[{"width":1200,"height":764,"url":"https:\/\/www.autisme.com\/wp-content\/uploads\/2021\/03\/MRoca.jpg","type":"image\/jpeg"}],"author":"autisme.com","twitter_card":"summary_large_image","twitter_misc":{"Escrito por":"autisme.com","Tiempo de lectura":"1 minuto"},"schema":{"@context":"https:\/\/schema.org","@graph":[{"@type":"Article","@id":"https:\/\/www.autisme.com\/es\/45-anos-de-autismo-la-garriga\/#article","isPartOf":{"@id":"https:\/\/www.autisme.com\/es\/45-anos-de-autismo-la-garriga\/"},"author":{"name":"autisme.com","@id":"https:\/\/www.autisme.com\/es\/#\/schema\/person\/068da86cb8b099939af2900fd1daf9a1"},"headline":"\u00a145 a\u00f1os de Autismo la Garriga!","datePublished":"2021-03-14T09:17:47+00:00","dateModified":"2021-03-14T09:27:31+00:00","mainEntityOfPage":{"@id":"https:\/\/www.autisme.com\/es\/45-anos-de-autismo-la-garriga\/"},"wordCount":61,"image":{"@id":"https:\/\/www.autisme.com\/es\/45-anos-de-autismo-la-garriga\/#primaryimage"},"thumbnailUrl":"https:\/\/www.autisme.com\/wp-content\/uploads\/2021\/03\/MRoca.jpg","articleSection":["Sin categorizar"],"inLanguage":"es"},{"@type":"WebPage","@id":"https:\/\/www.autisme.com\/es\/45-anos-de-autismo-la-garriga\/","url":"https:\/\/www.autisme.com\/es\/45-anos-de-autismo-la-garriga\/","name":"\u00a145 a\u00f1os de Autismo la Garriga! - Autisme la Garriga","isPartOf":{"@id":"https:\/\/www.autisme.com\/es\/#website"},"primaryImageOfPage":{"@id":"https:\/\/www.autisme.com\/es\/45-anos-de-autismo-la-garriga\/#primaryimage"},"image":{"@id":"https:\/\/www.autisme.com\/es\/45-anos-de-autismo-la-garriga\/#primaryimage"},"thumbnailUrl":"https:\/\/www.autisme.com\/wp-content\/uploads\/2021\/03\/MRoca.jpg","datePublished":"2021-03-14T09:17:47+00:00","dateModified":"2021-03-14T09:27:31+00:00","author":{"@id":"https:\/\/www.autisme.com\/es\/#\/schema\/person\/068da86cb8b099939af2900fd1daf9a1"},"description":"Entrevista a Marta Roca, presidenta de APAFAC, con motivo del 45 aniversario de Autismo la Garriga.","breadcrumb":{"@id":"https:\/\/www.autisme.com\/es\/45-anos-de-autismo-la-garriga\/#breadcrumb"},"inLanguage":"es","potentialAction":[{"@type":"ReadAction","target":["https:\/\/www.autisme.com\/es\/45-anos-de-autismo-la-garriga\/"]}]},{"@type":"ImageObject","inLanguage":"es","@id":"https:\/\/www.autisme.com\/es\/45-anos-de-autismo-la-garriga\/#primaryimage","url":"https:\/\/www.autisme.com\/wp-content\/uploads\/2021\/03\/MRoca.jpg","contentUrl":"https:\/\/www.autisme.com\/wp-content\/uploads\/2021\/03\/MRoca.jpg","width":1200,"height":764,"caption":"Marta Roca - Presidenta d'APAFAC"},{"@type":"BreadcrumbList","@id":"https:\/\/www.autisme.com\/es\/45-anos-de-autismo-la-garriga\/#breadcrumb","itemListElement":[{"@type":"ListItem","position":1,"name":"Inici","item":"https:\/\/www.autisme.com\/es\/"},{"@type":"ListItem","position":2,"name":"\u00a145 a\u00f1os de Autismo la Garriga!"}]},{"@type":"WebSite","@id":"https:\/\/www.autisme.com\/es\/#website","url":"https:\/\/www.autisme.com\/es\/","name":"Autisme la Garriga","description":"","potentialAction":[{"@type":"SearchAction","target":{"@type":"EntryPoint","urlTemplate":"https:\/\/www.autisme.com\/es\/?s={search_term_string}"},"query-input":{"@type":"PropertyValueSpecification","valueRequired":true,"valueName":"search_term_string"}}],"inLanguage":"es"},{"@type":"Person","@id":"https:\/\/www.autisme.com\/es\/#\/schema\/person\/068da86cb8b099939af2900fd1daf9a1","name":"autisme.com","image":{"@type":"ImageObject","inLanguage":"es","@id":"https:\/\/secure.gravatar.com\/avatar\/743ede46259318efc7b0b783aab3a074cfb77aceb9250f4924c6ea2f9ba8334d?s=96&d=mm&r=g","url":"https:\/\/secure.gravatar.com\/avatar\/743ede46259318efc7b0b783aab3a074cfb77aceb9250f4924c6ea2f9ba8334d?s=96&d=mm&r=g","contentUrl":"https:\/\/secure.gravatar.com\/avatar\/743ede46259318efc7b0b783aab3a074cfb77aceb9250f4924c6ea2f9ba8334d?s=96&d=mm&r=g","caption":"autisme.com"}}]}},"_links":{"self":[{"href":"https:\/\/www.autisme.com\/es\/wp-json\/wp\/v2\/posts\/2053","targetHints":{"allow":["GET"]}}],"collection":[{"href":"https:\/\/www.autisme.com\/es\/wp-json\/wp\/v2\/posts"}],"about":[{"href":"https:\/\/www.autisme.com\/es\/wp-json\/wp\/v2\/types\/post"}],"author":[{"embeddable":true,"href":"https:\/\/www.autisme.com\/es\/wp-json\/wp\/v2\/users\/1"}],"replies":[{"embeddable":true,"href":"https:\/\/www.autisme.com\/es\/wp-json\/wp\/v2\/comments?post=2053"}],"version-history":[{"count":0,"href":"https:\/\/www.autisme.com\/es\/wp-json\/wp\/v2\/posts\/2053\/revisions"}],"wp:featuredmedia":[{"embeddable":true,"href":"https:\/\/www.autisme.com\/es\/wp-json\/wp\/v2\/media\/2051"}],"wp:attachment":[{"href":"https:\/\/www.autisme.com\/es\/wp-json\/wp\/v2\/media?parent=2053"}],"wp:term":[{"taxonomy":"category","embeddable":true,"href":"https:\/\/www.autisme.com\/es\/wp-json\/wp\/v2\/categories?post=2053"},{"taxonomy":"post_tag","embeddable":true,"href":"https:\/\/www.autisme.com\/es\/wp-json\/wp\/v2\/tags?post=2053"}],"curies":[{"name":"wp","href":"https:\/\/api.w.org\/{rel}","templated":true}]}}