{"id":2400,"date":"2021-02-25T18:50:12","date_gmt":"2021-02-25T16:50:12","guid":{"rendered":"https:\/\/www.autisme.com\/2021\/02\/25\/programa-de-treball-amb-suport-per-a-persones-amb-autisme-i-discapacitat-intellectual-associada\/"},"modified":"2022-07-14T18:58:23","modified_gmt":"2022-07-14T16:58:23","slug":"programa-de-trabajo-con-apoyo-para-personas-con-autismo-y-discapacidad-intelectual-asociada","status":"publish","type":"post","link":"https:\/\/www.autisme.com\/es\/programa-de-trabajo-con-apoyo-para-personas-con-autismo-y-discapacidad-intelectual-asociada\/","title":{"rendered":"Programa de trabajo con apoyo para personas con autismo y discapacidad intelectual asociada"},"content":{"rendered":"<p>A lo largo de este a\u00f1o, gracias a la <a href=\"https:\/\/www.fundaciononce.es\/es\" target=\"_blank\" rel=\"noopener\">Fundaci\u00f3n ONCE<\/a>, se est\u00e1 llevando a cabo un programa de trabajo con apoyo para personas con autismo gravemente afectadas en ASEPAC.<\/p>\n<p>Este proyecto consiste en un programa de trabajo con apoyo (trabajo con ayuda f\u00edsica y\/o verbal de educadores) para personas adultas con autismo y discapacidad intelectual asociada (y en consecuencia con frecuentes y graves problemas de conducta).<\/p>\n<p>Las actividades laborales, adem\u00e1s de propiciar el ejercicio f\u00edsico e intelectual, las relaciones sociales y los cambios regulares de entorno, son un factor esencial para la valoraci\u00f3n social. Y en este sentido, el colectivo de referencia no tiene habitualmente la oportunidad de desarrollar tareas laborales adaptadas a sus caracter\u00edsticas individuales y a sus capacidades. Esto se debe a la dificultad de elaborar y, sobre todo, de poner en pr\u00e1ctica programas laborales que incluyan tareas significativas para ellos, eso es, motivadoras y al alcance de sus destrezas, tanto cognitivas como manuales.<\/p>\n<p>Estamos convencidos de que la ejecuci\u00f3n de este proyecto va a tener un impacto muy positivo en la calidad de vida de estas personas y sus familias, con una mejora sustancial de su salud f\u00edsica y de su bienestar emocional.<\/p>\n","protected":false},"excerpt":{"rendered":"<p>A lo largo de este a\u00f1o, gracias a la Fundaci\u00f3n ONCE, se est\u00e1 llevando a cabo un programa de trabajo con apoyo para personas con autismo gravemente afectadas en ASEPAC. Este proyecto consiste en un programa de trabajo con apoyo (trabajo con ayuda f\u00edsica y\/o verbal de educadores) para personas adultas con autismo y discapacidad&hellip;<\/p>\n","protected":false},"author":1,"featured_media":2398,"comment_status":"closed","ping_status":"closed","sticky":false,"template":"","format":"standard","meta":{"footnotes":""},"categories":[22],"tags":[],"class_list":["post-2400","post","type-post","status-publish","format-standard","has-post-thumbnail","hentry","category-actualitat-2","category-22","description-off"],"yoast_head":"<!-- This site is optimized with the Yoast SEO plugin v27.4 - https:\/\/yoast.com\/product\/yoast-seo-wordpress\/ -->\n<title>Programa de trabajo con apoyo para personas con autismo y discapacidad intelectual asociada - Autisme la Garriga<\/title>\n<meta name=\"description\" content=\"Programa de treball amb suport per a persones adultes amb autisme i discapacitat intel\u00b7lectual associada amb freq\u00fcents problemes de conducta\" \/>\n<meta name=\"robots\" content=\"index, follow, max-snippet:-1, max-image-preview:large, max-video-preview:-1\" \/>\n<link rel=\"canonical\" href=\"https:\/\/www.autisme.com\/es\/programa-de-trabajo-con-apoyo-para-personas-con-autismo-y-discapacidad-intelectual-asociada\/\" \/>\n<meta property=\"og:locale\" content=\"es_ES\" \/>\n<meta property=\"og:type\" content=\"article\" \/>\n<meta property=\"og:title\" content=\"Programa de trabajo con apoyo para personas con autismo y discapacidad intelectual asociada - Autisme la Garriga\" \/>\n<meta property=\"og:description\" content=\"Programa de treball amb suport per a persones adultes amb autisme i discapacitat intel\u00b7lectual associada amb freq\u00fcents problemes de conducta\" \/>\n<meta property=\"og:url\" content=\"https:\/\/www.autisme.com\/es\/programa-de-trabajo-con-apoyo-para-personas-con-autismo-y-discapacidad-intelectual-asociada\/\" \/>\n<meta property=\"og:site_name\" content=\"Autisme la Garriga\" \/>\n<meta property=\"article:published_time\" content=\"2021-02-25T16:50:12+00:00\" \/>\n<meta property=\"article:modified_time\" content=\"2022-07-14T16:58:23+00:00\" \/>\n<meta property=\"og:image\" content=\"https:\/\/www.autisme.com\/wp-content\/uploads\/2022\/07\/Treball-amb-suport.jpg\" \/>\n\t<meta property=\"og:image:width\" content=\"1600\" \/>\n\t<meta property=\"og:image:height\" content=\"899\" \/>\n\t<meta property=\"og:image:type\" content=\"image\/jpeg\" \/>\n<meta name=\"author\" content=\"autisme.com\" \/>\n<meta name=\"twitter:card\" content=\"summary_large_image\" \/>\n<meta name=\"twitter:label1\" content=\"Escrito por\" \/>\n\t<meta name=\"twitter:data1\" content=\"autisme.com\" \/>\n\t<meta name=\"twitter:label2\" content=\"Tiempo de lectura\" \/>\n\t<meta name=\"twitter:data2\" content=\"2 minutos\" \/>\n<script type=\"application\/ld+json\" class=\"yoast-schema-graph\">{\"@context\":\"https:\\\/\\\/schema.org\",\"@graph\":[{\"@type\":\"Article\",\"@id\":\"https:\\\/\\\/www.autisme.com\\\/es\\\/programa-de-trabajo-con-apoyo-para-personas-con-autismo-y-discapacidad-intelectual-asociada\\\/#article\",\"isPartOf\":{\"@id\":\"https:\\\/\\\/www.autisme.com\\\/es\\\/programa-de-trabajo-con-apoyo-para-personas-con-autismo-y-discapacidad-intelectual-asociada\\\/\"},\"author\":{\"name\":\"autisme.com\",\"@id\":\"https:\\\/\\\/www.autisme.com\\\/es\\\/#\\\/schema\\\/person\\\/068da86cb8b099939af2900fd1daf9a1\"},\"headline\":\"Programa de trabajo con apoyo para personas con autismo y discapacidad intelectual asociada\",\"datePublished\":\"2021-02-25T16:50:12+00:00\",\"dateModified\":\"2022-07-14T16:58:23+00:00\",\"mainEntityOfPage\":{\"@id\":\"https:\\\/\\\/www.autisme.com\\\/es\\\/programa-de-trabajo-con-apoyo-para-personas-con-autismo-y-discapacidad-intelectual-asociada\\\/\"},\"wordCount\":221,\"image\":{\"@id\":\"https:\\\/\\\/www.autisme.com\\\/es\\\/programa-de-trabajo-con-apoyo-para-personas-con-autismo-y-discapacidad-intelectual-asociada\\\/#primaryimage\"},\"thumbnailUrl\":\"https:\\\/\\\/www.autisme.com\\\/wp-content\\\/uploads\\\/2022\\\/07\\\/Treball-amb-suport.jpg\",\"articleSection\":[\"Actualitat\"],\"inLanguage\":\"es\"},{\"@type\":\"WebPage\",\"@id\":\"https:\\\/\\\/www.autisme.com\\\/es\\\/programa-de-trabajo-con-apoyo-para-personas-con-autismo-y-discapacidad-intelectual-asociada\\\/\",\"url\":\"https:\\\/\\\/www.autisme.com\\\/es\\\/programa-de-trabajo-con-apoyo-para-personas-con-autismo-y-discapacidad-intelectual-asociada\\\/\",\"name\":\"Programa de trabajo con apoyo para personas con autismo y discapacidad intelectual asociada - Autisme la Garriga\",\"isPartOf\":{\"@id\":\"https:\\\/\\\/www.autisme.com\\\/es\\\/#website\"},\"primaryImageOfPage\":{\"@id\":\"https:\\\/\\\/www.autisme.com\\\/es\\\/programa-de-trabajo-con-apoyo-para-personas-con-autismo-y-discapacidad-intelectual-asociada\\\/#primaryimage\"},\"image\":{\"@id\":\"https:\\\/\\\/www.autisme.com\\\/es\\\/programa-de-trabajo-con-apoyo-para-personas-con-autismo-y-discapacidad-intelectual-asociada\\\/#primaryimage\"},\"thumbnailUrl\":\"https:\\\/\\\/www.autisme.com\\\/wp-content\\\/uploads\\\/2022\\\/07\\\/Treball-amb-suport.jpg\",\"datePublished\":\"2021-02-25T16:50:12+00:00\",\"dateModified\":\"2022-07-14T16:58:23+00:00\",\"author\":{\"@id\":\"https:\\\/\\\/www.autisme.com\\\/es\\\/#\\\/schema\\\/person\\\/068da86cb8b099939af2900fd1daf9a1\"},\"description\":\"Programa de treball amb suport per a persones adultes amb autisme i discapacitat intel\u00b7lectual associada amb freq\u00fcents problemes de conducta\",\"breadcrumb\":{\"@id\":\"https:\\\/\\\/www.autisme.com\\\/es\\\/programa-de-trabajo-con-apoyo-para-personas-con-autismo-y-discapacidad-intelectual-asociada\\\/#breadcrumb\"},\"inLanguage\":\"es\",\"potentialAction\":[{\"@type\":\"ReadAction\",\"target\":[\"https:\\\/\\\/www.autisme.com\\\/es\\\/programa-de-trabajo-con-apoyo-para-personas-con-autismo-y-discapacidad-intelectual-asociada\\\/\"]}]},{\"@type\":\"ImageObject\",\"inLanguage\":\"es\",\"@id\":\"https:\\\/\\\/www.autisme.com\\\/es\\\/programa-de-trabajo-con-apoyo-para-personas-con-autismo-y-discapacidad-intelectual-asociada\\\/#primaryimage\",\"url\":\"https:\\\/\\\/www.autisme.com\\\/wp-content\\\/uploads\\\/2022\\\/07\\\/Treball-amb-suport.jpg\",\"contentUrl\":\"https:\\\/\\\/www.autisme.com\\\/wp-content\\\/uploads\\\/2022\\\/07\\\/Treball-amb-suport.jpg\",\"width\":1600,\"height\":899},{\"@type\":\"BreadcrumbList\",\"@id\":\"https:\\\/\\\/www.autisme.com\\\/es\\\/programa-de-trabajo-con-apoyo-para-personas-con-autismo-y-discapacidad-intelectual-asociada\\\/#breadcrumb\",\"itemListElement\":[{\"@type\":\"ListItem\",\"position\":1,\"name\":\"Inici\",\"item\":\"https:\\\/\\\/www.autisme.com\\\/es\\\/\"},{\"@type\":\"ListItem\",\"position\":2,\"name\":\"Programa de trabajo con apoyo para personas con autismo y discapacidad intelectual asociada\"}]},{\"@type\":\"WebSite\",\"@id\":\"https:\\\/\\\/www.autisme.com\\\/es\\\/#website\",\"url\":\"https:\\\/\\\/www.autisme.com\\\/es\\\/\",\"name\":\"Autisme la Garriga\",\"description\":\"\",\"potentialAction\":[{\"@type\":\"SearchAction\",\"target\":{\"@type\":\"EntryPoint\",\"urlTemplate\":\"https:\\\/\\\/www.autisme.com\\\/es\\\/?s={search_term_string}\"},\"query-input\":{\"@type\":\"PropertyValueSpecification\",\"valueRequired\":true,\"valueName\":\"search_term_string\"}}],\"inLanguage\":\"es\"},{\"@type\":\"Person\",\"@id\":\"https:\\\/\\\/www.autisme.com\\\/es\\\/#\\\/schema\\\/person\\\/068da86cb8b099939af2900fd1daf9a1\",\"name\":\"autisme.com\",\"image\":{\"@type\":\"ImageObject\",\"inLanguage\":\"es\",\"@id\":\"https:\\\/\\\/secure.gravatar.com\\\/avatar\\\/743ede46259318efc7b0b783aab3a074cfb77aceb9250f4924c6ea2f9ba8334d?s=96&d=mm&r=g\",\"url\":\"https:\\\/\\\/secure.gravatar.com\\\/avatar\\\/743ede46259318efc7b0b783aab3a074cfb77aceb9250f4924c6ea2f9ba8334d?s=96&d=mm&r=g\",\"contentUrl\":\"https:\\\/\\\/secure.gravatar.com\\\/avatar\\\/743ede46259318efc7b0b783aab3a074cfb77aceb9250f4924c6ea2f9ba8334d?s=96&d=mm&r=g\",\"caption\":\"autisme.com\"}}]}<\/script>\n<!-- \/ Yoast SEO plugin. -->","yoast_head_json":{"title":"Programa de trabajo con apoyo para personas con autismo y discapacidad intelectual asociada - Autisme la Garriga","description":"Programa de treball amb suport per a persones adultes amb autisme i discapacitat intel\u00b7lectual associada amb freq\u00fcents problemes de conducta","robots":{"index":"index","follow":"follow","max-snippet":"max-snippet:-1","max-image-preview":"max-image-preview:large","max-video-preview":"max-video-preview:-1"},"canonical":"https:\/\/www.autisme.com\/es\/programa-de-trabajo-con-apoyo-para-personas-con-autismo-y-discapacidad-intelectual-asociada\/","og_locale":"es_ES","og_type":"article","og_title":"Programa de trabajo con apoyo para personas con autismo y discapacidad intelectual asociada - Autisme la Garriga","og_description":"Programa de treball amb suport per a persones adultes amb autisme i discapacitat intel\u00b7lectual associada amb freq\u00fcents problemes de conducta","og_url":"https:\/\/www.autisme.com\/es\/programa-de-trabajo-con-apoyo-para-personas-con-autismo-y-discapacidad-intelectual-asociada\/","og_site_name":"Autisme la Garriga","article_published_time":"2021-02-25T16:50:12+00:00","article_modified_time":"2022-07-14T16:58:23+00:00","og_image":[{"width":1600,"height":899,"url":"https:\/\/www.autisme.com\/wp-content\/uploads\/2022\/07\/Treball-amb-suport.jpg","type":"image\/jpeg"}],"author":"autisme.com","twitter_card":"summary_large_image","twitter_misc":{"Escrito por":"autisme.com","Tiempo de lectura":"2 minutos"},"schema":{"@context":"https:\/\/schema.org","@graph":[{"@type":"Article","@id":"https:\/\/www.autisme.com\/es\/programa-de-trabajo-con-apoyo-para-personas-con-autismo-y-discapacidad-intelectual-asociada\/#article","isPartOf":{"@id":"https:\/\/www.autisme.com\/es\/programa-de-trabajo-con-apoyo-para-personas-con-autismo-y-discapacidad-intelectual-asociada\/"},"author":{"name":"autisme.com","@id":"https:\/\/www.autisme.com\/es\/#\/schema\/person\/068da86cb8b099939af2900fd1daf9a1"},"headline":"Programa de trabajo con apoyo para personas con autismo y discapacidad intelectual asociada","datePublished":"2021-02-25T16:50:12+00:00","dateModified":"2022-07-14T16:58:23+00:00","mainEntityOfPage":{"@id":"https:\/\/www.autisme.com\/es\/programa-de-trabajo-con-apoyo-para-personas-con-autismo-y-discapacidad-intelectual-asociada\/"},"wordCount":221,"image":{"@id":"https:\/\/www.autisme.com\/es\/programa-de-trabajo-con-apoyo-para-personas-con-autismo-y-discapacidad-intelectual-asociada\/#primaryimage"},"thumbnailUrl":"https:\/\/www.autisme.com\/wp-content\/uploads\/2022\/07\/Treball-amb-suport.jpg","articleSection":["Actualitat"],"inLanguage":"es"},{"@type":"WebPage","@id":"https:\/\/www.autisme.com\/es\/programa-de-trabajo-con-apoyo-para-personas-con-autismo-y-discapacidad-intelectual-asociada\/","url":"https:\/\/www.autisme.com\/es\/programa-de-trabajo-con-apoyo-para-personas-con-autismo-y-discapacidad-intelectual-asociada\/","name":"Programa de trabajo con apoyo para personas con autismo y discapacidad intelectual asociada - Autisme la Garriga","isPartOf":{"@id":"https:\/\/www.autisme.com\/es\/#website"},"primaryImageOfPage":{"@id":"https:\/\/www.autisme.com\/es\/programa-de-trabajo-con-apoyo-para-personas-con-autismo-y-discapacidad-intelectual-asociada\/#primaryimage"},"image":{"@id":"https:\/\/www.autisme.com\/es\/programa-de-trabajo-con-apoyo-para-personas-con-autismo-y-discapacidad-intelectual-asociada\/#primaryimage"},"thumbnailUrl":"https:\/\/www.autisme.com\/wp-content\/uploads\/2022\/07\/Treball-amb-suport.jpg","datePublished":"2021-02-25T16:50:12+00:00","dateModified":"2022-07-14T16:58:23+00:00","author":{"@id":"https:\/\/www.autisme.com\/es\/#\/schema\/person\/068da86cb8b099939af2900fd1daf9a1"},"description":"Programa de treball amb suport per a persones adultes amb autisme i discapacitat intel\u00b7lectual associada amb freq\u00fcents problemes de conducta","breadcrumb":{"@id":"https:\/\/www.autisme.com\/es\/programa-de-trabajo-con-apoyo-para-personas-con-autismo-y-discapacidad-intelectual-asociada\/#breadcrumb"},"inLanguage":"es","potentialAction":[{"@type":"ReadAction","target":["https:\/\/www.autisme.com\/es\/programa-de-trabajo-con-apoyo-para-personas-con-autismo-y-discapacidad-intelectual-asociada\/"]}]},{"@type":"ImageObject","inLanguage":"es","@id":"https:\/\/www.autisme.com\/es\/programa-de-trabajo-con-apoyo-para-personas-con-autismo-y-discapacidad-intelectual-asociada\/#primaryimage","url":"https:\/\/www.autisme.com\/wp-content\/uploads\/2022\/07\/Treball-amb-suport.jpg","contentUrl":"https:\/\/www.autisme.com\/wp-content\/uploads\/2022\/07\/Treball-amb-suport.jpg","width":1600,"height":899},{"@type":"BreadcrumbList","@id":"https:\/\/www.autisme.com\/es\/programa-de-trabajo-con-apoyo-para-personas-con-autismo-y-discapacidad-intelectual-asociada\/#breadcrumb","itemListElement":[{"@type":"ListItem","position":1,"name":"Inici","item":"https:\/\/www.autisme.com\/es\/"},{"@type":"ListItem","position":2,"name":"Programa de trabajo con apoyo para personas con autismo y discapacidad intelectual asociada"}]},{"@type":"WebSite","@id":"https:\/\/www.autisme.com\/es\/#website","url":"https:\/\/www.autisme.com\/es\/","name":"Autisme la Garriga","description":"","potentialAction":[{"@type":"SearchAction","target":{"@type":"EntryPoint","urlTemplate":"https:\/\/www.autisme.com\/es\/?s={search_term_string}"},"query-input":{"@type":"PropertyValueSpecification","valueRequired":true,"valueName":"search_term_string"}}],"inLanguage":"es"},{"@type":"Person","@id":"https:\/\/www.autisme.com\/es\/#\/schema\/person\/068da86cb8b099939af2900fd1daf9a1","name":"autisme.com","image":{"@type":"ImageObject","inLanguage":"es","@id":"https:\/\/secure.gravatar.com\/avatar\/743ede46259318efc7b0b783aab3a074cfb77aceb9250f4924c6ea2f9ba8334d?s=96&d=mm&r=g","url":"https:\/\/secure.gravatar.com\/avatar\/743ede46259318efc7b0b783aab3a074cfb77aceb9250f4924c6ea2f9ba8334d?s=96&d=mm&r=g","contentUrl":"https:\/\/secure.gravatar.com\/avatar\/743ede46259318efc7b0b783aab3a074cfb77aceb9250f4924c6ea2f9ba8334d?s=96&d=mm&r=g","caption":"autisme.com"}}]}},"_links":{"self":[{"href":"https:\/\/www.autisme.com\/es\/wp-json\/wp\/v2\/posts\/2400","targetHints":{"allow":["GET"]}}],"collection":[{"href":"https:\/\/www.autisme.com\/es\/wp-json\/wp\/v2\/posts"}],"about":[{"href":"https:\/\/www.autisme.com\/es\/wp-json\/wp\/v2\/types\/post"}],"author":[{"embeddable":true,"href":"https:\/\/www.autisme.com\/es\/wp-json\/wp\/v2\/users\/1"}],"replies":[{"embeddable":true,"href":"https:\/\/www.autisme.com\/es\/wp-json\/wp\/v2\/comments?post=2400"}],"version-history":[{"count":0,"href":"https:\/\/www.autisme.com\/es\/wp-json\/wp\/v2\/posts\/2400\/revisions"}],"wp:featuredmedia":[{"embeddable":true,"href":"https:\/\/www.autisme.com\/es\/wp-json\/wp\/v2\/media\/2398"}],"wp:attachment":[{"href":"https:\/\/www.autisme.com\/es\/wp-json\/wp\/v2\/media?parent=2400"}],"wp:term":[{"taxonomy":"category","embeddable":true,"href":"https:\/\/www.autisme.com\/es\/wp-json\/wp\/v2\/categories?post=2400"},{"taxonomy":"post_tag","embeddable":true,"href":"https:\/\/www.autisme.com\/es\/wp-json\/wp\/v2\/tags?post=2400"}],"curies":[{"name":"wp","href":"https:\/\/api.w.org\/{rel}","templated":true}]}}