{"id":2418,"date":"2022-09-26T12:55:22","date_gmt":"2022-09-26T10:55:22","guid":{"rendered":"https:\/\/www.autisme.com\/2022\/09\/26\/el-radioaficionado\/"},"modified":"2022-09-26T12:58:28","modified_gmt":"2022-09-26T10:58:28","slug":"el-radioaficionado","status":"publish","type":"post","link":"https:\/\/www.autisme.com\/es\/el-radioaficionado\/","title":{"rendered":"El radioaficionado"},"content":{"rendered":"<p>El pr\u00f3ximo domingo 16 de octubre, a las 18 horas y en el cine Alhambra de la Garriga podr\u00e1 ver \u201cEl radioaficionado\u201d.<\/p>\n<p>El argumento de la pel\u00edcula se basa en que despu\u00e9s de la muerte de su madre, Nikolas, un joven con autismo, decide emprender un viaje al pueblo natal. Quiere llevar a cabo un hito, llegar a alta mar en dos d\u00edas. All\u00ed se encontrar\u00e1 con Ane, su \u00fanica amiga de la infancia que estar\u00e1 dispuesta a ayudarle. Sin embargo, las barreras que encuentra Niko para relacionarse, no se lo pondr\u00e1n f\u00e1cil, porque no todo el mundo sintoniza la misma frecuencia.<\/p>\n<p>Seg\u00fan diferentes cr\u00edticas, \u00abEl radioaficionado\u00bb es \u00abun himno a la tolerancia en un sensitivo debut\u00bb, \u00abun sue\u00f1o conmovedor sobre la necesidad de ser respetado por los dem\u00e1s\u00bb, \u00abcontada de manera sobria y con un di\u00e1logo crudo, deja de lado el sentimentalismo\u201d, \u201crecomendable por la ternura subyacente bajo la dureza reflejada\u201d &#8230;<\/p>\n<p>Una vez terminada la proyecci\u00f3n habr\u00e1 un debate sobre la pel\u00edcula moderado por Autisme la Garriga.<\/p>\n","protected":false},"excerpt":{"rendered":"<p>El pr\u00f3ximo domingo 16 de octubre, a las 18 horas y en el cine Alhambra de la Garriga podr\u00e1 ver \u201cEl radioaficionado\u201d. El argumento de la pel\u00edcula se basa en que despu\u00e9s de la muerte de su madre, Nikolas, un joven con autismo, decide emprender un viaje al pueblo natal. Quiere llevar a cabo un&hellip;<\/p>\n","protected":false},"author":1,"featured_media":2415,"comment_status":"closed","ping_status":"closed","sticky":false,"template":"","format":"standard","meta":{"footnotes":""},"categories":[6],"tags":[],"class_list":["post-2418","post","type-post","status-publish","format-standard","has-post-thumbnail","hentry","category-sin-categorizar","category-6","description-off"],"yoast_head":"<!-- This site is optimized with the Yoast SEO plugin v27.4 - https:\/\/yoast.com\/product\/yoast-seo-wordpress\/ -->\n<title>El radioaficionado - Autisme la Garriga<\/title>\n<meta name=\"robots\" content=\"index, follow, max-snippet:-1, max-image-preview:large, max-video-preview:-1\" \/>\n<link rel=\"canonical\" href=\"https:\/\/www.autisme.com\/es\/el-radioaficionado\/\" \/>\n<meta property=\"og:locale\" content=\"es_ES\" \/>\n<meta property=\"og:type\" content=\"article\" \/>\n<meta property=\"og:title\" content=\"El radioaficionado - Autisme la Garriga\" \/>\n<meta property=\"og:description\" content=\"El pr\u00f3ximo domingo 16 de octubre, a las 18 horas y en el cine Alhambra de la Garriga podr\u00e1 ver \u201cEl radioaficionado\u201d. El argumento de la pel\u00edcula se basa en que despu\u00e9s de la muerte de su madre, Nikolas, un joven con autismo, decide emprender un viaje al pueblo natal. Quiere llevar a cabo un&hellip;\" \/>\n<meta property=\"og:url\" content=\"https:\/\/www.autisme.com\/es\/el-radioaficionado\/\" \/>\n<meta property=\"og:site_name\" content=\"Autisme la Garriga\" \/>\n<meta property=\"article:published_time\" content=\"2022-09-26T10:55:22+00:00\" \/>\n<meta property=\"article:modified_time\" content=\"2022-09-26T10:58:28+00:00\" \/>\n<meta property=\"og:image\" content=\"https:\/\/www.autisme.com\/wp-content\/uploads\/2022\/09\/El-Radioaficionado.jpg\" \/>\n\t<meta property=\"og:image:width\" content=\"756\" \/>\n\t<meta property=\"og:image:height\" content=\"1080\" \/>\n\t<meta property=\"og:image:type\" content=\"image\/jpeg\" \/>\n<meta name=\"author\" content=\"autisme.com\" \/>\n<meta name=\"twitter:card\" content=\"summary_large_image\" \/>\n<meta name=\"twitter:label1\" content=\"Escrito por\" \/>\n\t<meta name=\"twitter:data1\" content=\"autisme.com\" \/>\n\t<meta name=\"twitter:label2\" content=\"Tiempo de lectura\" \/>\n\t<meta name=\"twitter:data2\" content=\"1 minuto\" \/>\n<script type=\"application\/ld+json\" class=\"yoast-schema-graph\">{\"@context\":\"https:\\\/\\\/schema.org\",\"@graph\":[{\"@type\":\"Article\",\"@id\":\"https:\\\/\\\/www.autisme.com\\\/es\\\/el-radioaficionado\\\/#article\",\"isPartOf\":{\"@id\":\"https:\\\/\\\/www.autisme.com\\\/es\\\/el-radioaficionado\\\/\"},\"author\":{\"name\":\"autisme.com\",\"@id\":\"https:\\\/\\\/www.autisme.com\\\/es\\\/#\\\/schema\\\/person\\\/068da86cb8b099939af2900fd1daf9a1\"},\"headline\":\"El radioaficionado\",\"datePublished\":\"2022-09-26T10:55:22+00:00\",\"dateModified\":\"2022-09-26T10:58:28+00:00\",\"mainEntityOfPage\":{\"@id\":\"https:\\\/\\\/www.autisme.com\\\/es\\\/el-radioaficionado\\\/\"},\"wordCount\":181,\"image\":{\"@id\":\"https:\\\/\\\/www.autisme.com\\\/es\\\/el-radioaficionado\\\/#primaryimage\"},\"thumbnailUrl\":\"https:\\\/\\\/www.autisme.com\\\/wp-content\\\/uploads\\\/2022\\\/09\\\/El-Radioaficionado.jpg\",\"articleSection\":[\"Sin categorizar\"],\"inLanguage\":\"es\"},{\"@type\":\"WebPage\",\"@id\":\"https:\\\/\\\/www.autisme.com\\\/es\\\/el-radioaficionado\\\/\",\"url\":\"https:\\\/\\\/www.autisme.com\\\/es\\\/el-radioaficionado\\\/\",\"name\":\"El radioaficionado - Autisme la Garriga\",\"isPartOf\":{\"@id\":\"https:\\\/\\\/www.autisme.com\\\/es\\\/#website\"},\"primaryImageOfPage\":{\"@id\":\"https:\\\/\\\/www.autisme.com\\\/es\\\/el-radioaficionado\\\/#primaryimage\"},\"image\":{\"@id\":\"https:\\\/\\\/www.autisme.com\\\/es\\\/el-radioaficionado\\\/#primaryimage\"},\"thumbnailUrl\":\"https:\\\/\\\/www.autisme.com\\\/wp-content\\\/uploads\\\/2022\\\/09\\\/El-Radioaficionado.jpg\",\"datePublished\":\"2022-09-26T10:55:22+00:00\",\"dateModified\":\"2022-09-26T10:58:28+00:00\",\"author\":{\"@id\":\"https:\\\/\\\/www.autisme.com\\\/es\\\/#\\\/schema\\\/person\\\/068da86cb8b099939af2900fd1daf9a1\"},\"breadcrumb\":{\"@id\":\"https:\\\/\\\/www.autisme.com\\\/es\\\/el-radioaficionado\\\/#breadcrumb\"},\"inLanguage\":\"es\",\"potentialAction\":[{\"@type\":\"ReadAction\",\"target\":[\"https:\\\/\\\/www.autisme.com\\\/es\\\/el-radioaficionado\\\/\"]}]},{\"@type\":\"ImageObject\",\"inLanguage\":\"es\",\"@id\":\"https:\\\/\\\/www.autisme.com\\\/es\\\/el-radioaficionado\\\/#primaryimage\",\"url\":\"https:\\\/\\\/www.autisme.com\\\/wp-content\\\/uploads\\\/2022\\\/09\\\/El-Radioaficionado.jpg\",\"contentUrl\":\"https:\\\/\\\/www.autisme.com\\\/wp-content\\\/uploads\\\/2022\\\/09\\\/El-Radioaficionado.jpg\",\"width\":756,\"height\":1080},{\"@type\":\"BreadcrumbList\",\"@id\":\"https:\\\/\\\/www.autisme.com\\\/es\\\/el-radioaficionado\\\/#breadcrumb\",\"itemListElement\":[{\"@type\":\"ListItem\",\"position\":1,\"name\":\"Inici\",\"item\":\"https:\\\/\\\/www.autisme.com\\\/es\\\/\"},{\"@type\":\"ListItem\",\"position\":2,\"name\":\"El radioaficionado\"}]},{\"@type\":\"WebSite\",\"@id\":\"https:\\\/\\\/www.autisme.com\\\/es\\\/#website\",\"url\":\"https:\\\/\\\/www.autisme.com\\\/es\\\/\",\"name\":\"Autisme la Garriga\",\"description\":\"\",\"potentialAction\":[{\"@type\":\"SearchAction\",\"target\":{\"@type\":\"EntryPoint\",\"urlTemplate\":\"https:\\\/\\\/www.autisme.com\\\/es\\\/?s={search_term_string}\"},\"query-input\":{\"@type\":\"PropertyValueSpecification\",\"valueRequired\":true,\"valueName\":\"search_term_string\"}}],\"inLanguage\":\"es\"},{\"@type\":\"Person\",\"@id\":\"https:\\\/\\\/www.autisme.com\\\/es\\\/#\\\/schema\\\/person\\\/068da86cb8b099939af2900fd1daf9a1\",\"name\":\"autisme.com\",\"image\":{\"@type\":\"ImageObject\",\"inLanguage\":\"es\",\"@id\":\"https:\\\/\\\/secure.gravatar.com\\\/avatar\\\/743ede46259318efc7b0b783aab3a074cfb77aceb9250f4924c6ea2f9ba8334d?s=96&d=mm&r=g\",\"url\":\"https:\\\/\\\/secure.gravatar.com\\\/avatar\\\/743ede46259318efc7b0b783aab3a074cfb77aceb9250f4924c6ea2f9ba8334d?s=96&d=mm&r=g\",\"contentUrl\":\"https:\\\/\\\/secure.gravatar.com\\\/avatar\\\/743ede46259318efc7b0b783aab3a074cfb77aceb9250f4924c6ea2f9ba8334d?s=96&d=mm&r=g\",\"caption\":\"autisme.com\"}}]}<\/script>\n<!-- \/ Yoast SEO plugin. -->","yoast_head_json":{"title":"El radioaficionado - Autisme la Garriga","robots":{"index":"index","follow":"follow","max-snippet":"max-snippet:-1","max-image-preview":"max-image-preview:large","max-video-preview":"max-video-preview:-1"},"canonical":"https:\/\/www.autisme.com\/es\/el-radioaficionado\/","og_locale":"es_ES","og_type":"article","og_title":"El radioaficionado - Autisme la Garriga","og_description":"El pr\u00f3ximo domingo 16 de octubre, a las 18 horas y en el cine Alhambra de la Garriga podr\u00e1 ver \u201cEl radioaficionado\u201d. El argumento de la pel\u00edcula se basa en que despu\u00e9s de la muerte de su madre, Nikolas, un joven con autismo, decide emprender un viaje al pueblo natal. Quiere llevar a cabo un&hellip;","og_url":"https:\/\/www.autisme.com\/es\/el-radioaficionado\/","og_site_name":"Autisme la Garriga","article_published_time":"2022-09-26T10:55:22+00:00","article_modified_time":"2022-09-26T10:58:28+00:00","og_image":[{"width":756,"height":1080,"url":"https:\/\/www.autisme.com\/wp-content\/uploads\/2022\/09\/El-Radioaficionado.jpg","type":"image\/jpeg"}],"author":"autisme.com","twitter_card":"summary_large_image","twitter_misc":{"Escrito por":"autisme.com","Tiempo de lectura":"1 minuto"},"schema":{"@context":"https:\/\/schema.org","@graph":[{"@type":"Article","@id":"https:\/\/www.autisme.com\/es\/el-radioaficionado\/#article","isPartOf":{"@id":"https:\/\/www.autisme.com\/es\/el-radioaficionado\/"},"author":{"name":"autisme.com","@id":"https:\/\/www.autisme.com\/es\/#\/schema\/person\/068da86cb8b099939af2900fd1daf9a1"},"headline":"El radioaficionado","datePublished":"2022-09-26T10:55:22+00:00","dateModified":"2022-09-26T10:58:28+00:00","mainEntityOfPage":{"@id":"https:\/\/www.autisme.com\/es\/el-radioaficionado\/"},"wordCount":181,"image":{"@id":"https:\/\/www.autisme.com\/es\/el-radioaficionado\/#primaryimage"},"thumbnailUrl":"https:\/\/www.autisme.com\/wp-content\/uploads\/2022\/09\/El-Radioaficionado.jpg","articleSection":["Sin categorizar"],"inLanguage":"es"},{"@type":"WebPage","@id":"https:\/\/www.autisme.com\/es\/el-radioaficionado\/","url":"https:\/\/www.autisme.com\/es\/el-radioaficionado\/","name":"El radioaficionado - Autisme la Garriga","isPartOf":{"@id":"https:\/\/www.autisme.com\/es\/#website"},"primaryImageOfPage":{"@id":"https:\/\/www.autisme.com\/es\/el-radioaficionado\/#primaryimage"},"image":{"@id":"https:\/\/www.autisme.com\/es\/el-radioaficionado\/#primaryimage"},"thumbnailUrl":"https:\/\/www.autisme.com\/wp-content\/uploads\/2022\/09\/El-Radioaficionado.jpg","datePublished":"2022-09-26T10:55:22+00:00","dateModified":"2022-09-26T10:58:28+00:00","author":{"@id":"https:\/\/www.autisme.com\/es\/#\/schema\/person\/068da86cb8b099939af2900fd1daf9a1"},"breadcrumb":{"@id":"https:\/\/www.autisme.com\/es\/el-radioaficionado\/#breadcrumb"},"inLanguage":"es","potentialAction":[{"@type":"ReadAction","target":["https:\/\/www.autisme.com\/es\/el-radioaficionado\/"]}]},{"@type":"ImageObject","inLanguage":"es","@id":"https:\/\/www.autisme.com\/es\/el-radioaficionado\/#primaryimage","url":"https:\/\/www.autisme.com\/wp-content\/uploads\/2022\/09\/El-Radioaficionado.jpg","contentUrl":"https:\/\/www.autisme.com\/wp-content\/uploads\/2022\/09\/El-Radioaficionado.jpg","width":756,"height":1080},{"@type":"BreadcrumbList","@id":"https:\/\/www.autisme.com\/es\/el-radioaficionado\/#breadcrumb","itemListElement":[{"@type":"ListItem","position":1,"name":"Inici","item":"https:\/\/www.autisme.com\/es\/"},{"@type":"ListItem","position":2,"name":"El radioaficionado"}]},{"@type":"WebSite","@id":"https:\/\/www.autisme.com\/es\/#website","url":"https:\/\/www.autisme.com\/es\/","name":"Autisme la Garriga","description":"","potentialAction":[{"@type":"SearchAction","target":{"@type":"EntryPoint","urlTemplate":"https:\/\/www.autisme.com\/es\/?s={search_term_string}"},"query-input":{"@type":"PropertyValueSpecification","valueRequired":true,"valueName":"search_term_string"}}],"inLanguage":"es"},{"@type":"Person","@id":"https:\/\/www.autisme.com\/es\/#\/schema\/person\/068da86cb8b099939af2900fd1daf9a1","name":"autisme.com","image":{"@type":"ImageObject","inLanguage":"es","@id":"https:\/\/secure.gravatar.com\/avatar\/743ede46259318efc7b0b783aab3a074cfb77aceb9250f4924c6ea2f9ba8334d?s=96&d=mm&r=g","url":"https:\/\/secure.gravatar.com\/avatar\/743ede46259318efc7b0b783aab3a074cfb77aceb9250f4924c6ea2f9ba8334d?s=96&d=mm&r=g","contentUrl":"https:\/\/secure.gravatar.com\/avatar\/743ede46259318efc7b0b783aab3a074cfb77aceb9250f4924c6ea2f9ba8334d?s=96&d=mm&r=g","caption":"autisme.com"}}]}},"_links":{"self":[{"href":"https:\/\/www.autisme.com\/es\/wp-json\/wp\/v2\/posts\/2418","targetHints":{"allow":["GET"]}}],"collection":[{"href":"https:\/\/www.autisme.com\/es\/wp-json\/wp\/v2\/posts"}],"about":[{"href":"https:\/\/www.autisme.com\/es\/wp-json\/wp\/v2\/types\/post"}],"author":[{"embeddable":true,"href":"https:\/\/www.autisme.com\/es\/wp-json\/wp\/v2\/users\/1"}],"replies":[{"embeddable":true,"href":"https:\/\/www.autisme.com\/es\/wp-json\/wp\/v2\/comments?post=2418"}],"version-history":[{"count":0,"href":"https:\/\/www.autisme.com\/es\/wp-json\/wp\/v2\/posts\/2418\/revisions"}],"wp:featuredmedia":[{"embeddable":true,"href":"https:\/\/www.autisme.com\/es\/wp-json\/wp\/v2\/media\/2415"}],"wp:attachment":[{"href":"https:\/\/www.autisme.com\/es\/wp-json\/wp\/v2\/media?parent=2418"}],"wp:term":[{"taxonomy":"category","embeddable":true,"href":"https:\/\/www.autisme.com\/es\/wp-json\/wp\/v2\/categories?post=2418"},{"taxonomy":"post_tag","embeddable":true,"href":"https:\/\/www.autisme.com\/es\/wp-json\/wp\/v2\/tags?post=2418"}],"curies":[{"name":"wp","href":"https:\/\/api.w.org\/{rel}","templated":true}]}}