{"id":2513,"date":"2022-07-24T10:47:33","date_gmt":"2022-07-24T08:47:33","guid":{"rendered":"https:\/\/www.autisme.com\/2022\/07\/24\/gran-premi-fie\/"},"modified":"2023-03-27T13:52:20","modified_gmt":"2023-03-27T11:52:20","slug":"gran-premio-fie","status":"publish","type":"post","link":"https:\/\/www.autisme.com\/es\/gran-premio-fie\/","title":{"rendered":"Gran premio FIE"},"content":{"rendered":"<p><img loading=\"lazy\" decoding=\"async\" class=\"alignright wp-image-2509\" src=\"https:\/\/www.autisme.com\/wp-content\/uploads\/2023\/03\/FIE-ALG-300x200.jpg\" alt=\"\" width=\"600\" height=\"400\" srcset=\"https:\/\/www.autisme.com\/wp-content\/uploads\/2023\/03\/FIE-ALG-300x200.jpg 300w, https:\/\/www.autisme.com\/wp-content\/uploads\/2023\/03\/FIE-ALG-1024x683.jpg 1024w, https:\/\/www.autisme.com\/wp-content\/uploads\/2023\/03\/FIE-ALG-768x512.jpg 768w, https:\/\/www.autisme.com\/wp-content\/uploads\/2023\/03\/FIE-ALG-1536x1024.jpg 1536w, https:\/\/www.autisme.com\/wp-content\/uploads\/2023\/03\/FIE-ALG.jpg 1620w\" sizes=\"auto, (max-width: 600px) 100vw, 600px\" \/>El pasado 22 de julio se llev\u00f3 a cabo en el circuito de Barcelona-Catalunya el Gran Premio FIE organizado por la <a href=\"https:\/\/fundacioisidreesteve.org\/\">Fundaci\u00f3n Isidre Esteve<\/a>.<\/p>\n<p>En esta ocasi\u00f3n el Gran Premio FIE, ha contado con la experiencia gastron\u00f3mica del chef Nando Jubany y una carrera de relevos inclusiva que ha sido conducida por Pep Plaza con la colaboraci\u00f3n de Judit Mart\u00edn.<\/p>\n<p>Gracias a la financiaci\u00f3n de la <a href=\"https:\/\/www.autismefundacio.com\/\">Fundaci\u00f3n Congost Autisme<\/a>, este a\u00f1o, dos equipos de <a href=\"https:\/\/www.autisme.com\/\">autismo la garriga<\/a> han participado en esta carrera inclusiva.<\/p>\n<p>Dos personas usuarias con autismo con sus educadores, han participado en el Gran Premio. Una experiencia inclusiva \u00fanica en todos sus aspectos.<\/p>\n<p>La carrera por relevos en bicicleta y handbike inund\u00f3 el Circuito de Barcelona-Catalu\u00f1a de superaci\u00f3n, solidaridad y compa\u00f1erismo con sus casi 100 participantes.<\/p>\n<p>Un a\u00f1o m\u00e1s, el evento solidario que fomenta el deporte inclusivo y accesible congreg\u00f3 a cientos de personas que se unieron a la jornada reivindicativa y que formaron parte de una edici\u00f3n de r\u00e9cord.<\/p>\n<p>Entre los asistentes destac\u00f3 la presencia de caras muy conocidas como la del expiloto de MotoGP \u00c0lex Crivill\u00e9; los dakarianos Laia Sanz, Cyril Despres y Gerard Farr\u00e9s; el periodista deportivo Artur Peguera; el guionista, escritor y periodista Eloi Vila; y el piloto de enduro Jaume Betriu, entre otros.<\/p>\n","protected":false},"excerpt":{"rendered":"<p>El pasado 22 de julio se llev\u00f3 a cabo en el circuito de Barcelona-Catalunya el Gran Premio FIE organizado por la Fundaci\u00f3n Isidre Esteve. En esta ocasi\u00f3n el Gran Premio FIE, ha contado con la experiencia gastron\u00f3mica del chef Nando Jubany y una carrera de relevos inclusiva que ha sido conducida por Pep Plaza con&hellip;<\/p>\n","protected":false},"author":1,"featured_media":2511,"comment_status":"closed","ping_status":"closed","sticky":false,"template":"","format":"standard","meta":{"footnotes":""},"categories":[6],"tags":[],"class_list":["post-2513","post","type-post","status-publish","format-standard","has-post-thumbnail","hentry","category-sin-categorizar","category-6","description-off"],"yoast_head":"<!-- This site is optimized with the Yoast SEO plugin v27.4 - https:\/\/yoast.com\/product\/yoast-seo-wordpress\/ -->\n<title>Gran premio FIE - Autisme la Garriga<\/title>\n<meta name=\"description\" content=\"Dos personas con autismo con sus educadores, han participado en el Gran Premio FIE en el circuito Barcelona-Catalunya.\" \/>\n<meta name=\"robots\" content=\"index, follow, max-snippet:-1, max-image-preview:large, max-video-preview:-1\" \/>\n<link rel=\"canonical\" href=\"https:\/\/www.autisme.com\/es\/gran-premio-fie\/\" \/>\n<meta property=\"og:locale\" content=\"es_ES\" \/>\n<meta property=\"og:type\" content=\"article\" \/>\n<meta property=\"og:title\" content=\"Gran premio FIE - Autisme la Garriga\" \/>\n<meta property=\"og:description\" content=\"Dos personas con autismo con sus educadores, han participado en el Gran Premio FIE en el circuito Barcelona-Catalunya.\" \/>\n<meta property=\"og:url\" content=\"https:\/\/www.autisme.com\/es\/gran-premio-fie\/\" \/>\n<meta property=\"og:site_name\" content=\"Autisme la Garriga\" \/>\n<meta property=\"article:published_time\" content=\"2022-07-24T08:47:33+00:00\" \/>\n<meta property=\"article:modified_time\" content=\"2023-03-27T11:52:20+00:00\" \/>\n<meta property=\"og:image\" content=\"https:\/\/www.autisme.com\/wp-content\/uploads\/2023\/03\/FIE-ALG.jpg\" \/>\n\t<meta property=\"og:image:width\" content=\"1620\" \/>\n\t<meta property=\"og:image:height\" content=\"1080\" \/>\n\t<meta property=\"og:image:type\" content=\"image\/jpeg\" \/>\n<meta name=\"author\" content=\"autisme.com\" \/>\n<meta name=\"twitter:card\" content=\"summary_large_image\" \/>\n<meta name=\"twitter:label1\" content=\"Escrito por\" \/>\n\t<meta name=\"twitter:data1\" content=\"autisme.com\" \/>\n\t<meta name=\"twitter:label2\" content=\"Tiempo de lectura\" \/>\n\t<meta name=\"twitter:data2\" content=\"2 minutos\" \/>\n<script type=\"application\/ld+json\" class=\"yoast-schema-graph\">{\"@context\":\"https:\\\/\\\/schema.org\",\"@graph\":[{\"@type\":\"Article\",\"@id\":\"https:\\\/\\\/www.autisme.com\\\/es\\\/gran-premio-fie\\\/#article\",\"isPartOf\":{\"@id\":\"https:\\\/\\\/www.autisme.com\\\/es\\\/gran-premio-fie\\\/\"},\"author\":{\"name\":\"autisme.com\",\"@id\":\"https:\\\/\\\/www.autisme.com\\\/es\\\/#\\\/schema\\\/person\\\/068da86cb8b099939af2900fd1daf9a1\"},\"headline\":\"Gran premio FIE\",\"datePublished\":\"2022-07-24T08:47:33+00:00\",\"dateModified\":\"2023-03-27T11:52:20+00:00\",\"mainEntityOfPage\":{\"@id\":\"https:\\\/\\\/www.autisme.com\\\/es\\\/gran-premio-fie\\\/\"},\"wordCount\":227,\"image\":{\"@id\":\"https:\\\/\\\/www.autisme.com\\\/es\\\/gran-premio-fie\\\/#primaryimage\"},\"thumbnailUrl\":\"https:\\\/\\\/www.autisme.com\\\/wp-content\\\/uploads\\\/2023\\\/03\\\/FIE-ALG.jpg\",\"articleSection\":[\"Sin categorizar\"],\"inLanguage\":\"es\"},{\"@type\":\"WebPage\",\"@id\":\"https:\\\/\\\/www.autisme.com\\\/es\\\/gran-premio-fie\\\/\",\"url\":\"https:\\\/\\\/www.autisme.com\\\/es\\\/gran-premio-fie\\\/\",\"name\":\"Gran premio FIE - Autisme la Garriga\",\"isPartOf\":{\"@id\":\"https:\\\/\\\/www.autisme.com\\\/es\\\/#website\"},\"primaryImageOfPage\":{\"@id\":\"https:\\\/\\\/www.autisme.com\\\/es\\\/gran-premio-fie\\\/#primaryimage\"},\"image\":{\"@id\":\"https:\\\/\\\/www.autisme.com\\\/es\\\/gran-premio-fie\\\/#primaryimage\"},\"thumbnailUrl\":\"https:\\\/\\\/www.autisme.com\\\/wp-content\\\/uploads\\\/2023\\\/03\\\/FIE-ALG.jpg\",\"datePublished\":\"2022-07-24T08:47:33+00:00\",\"dateModified\":\"2023-03-27T11:52:20+00:00\",\"author\":{\"@id\":\"https:\\\/\\\/www.autisme.com\\\/es\\\/#\\\/schema\\\/person\\\/068da86cb8b099939af2900fd1daf9a1\"},\"description\":\"Dos personas con autismo con sus educadores, han participado en el Gran Premio FIE en el circuito Barcelona-Catalunya.\",\"breadcrumb\":{\"@id\":\"https:\\\/\\\/www.autisme.com\\\/es\\\/gran-premio-fie\\\/#breadcrumb\"},\"inLanguage\":\"es\",\"potentialAction\":[{\"@type\":\"ReadAction\",\"target\":[\"https:\\\/\\\/www.autisme.com\\\/es\\\/gran-premio-fie\\\/\"]}]},{\"@type\":\"ImageObject\",\"inLanguage\":\"es\",\"@id\":\"https:\\\/\\\/www.autisme.com\\\/es\\\/gran-premio-fie\\\/#primaryimage\",\"url\":\"https:\\\/\\\/www.autisme.com\\\/wp-content\\\/uploads\\\/2023\\\/03\\\/FIE-ALG.jpg\",\"contentUrl\":\"https:\\\/\\\/www.autisme.com\\\/wp-content\\\/uploads\\\/2023\\\/03\\\/FIE-ALG.jpg\",\"width\":1620,\"height\":1080},{\"@type\":\"BreadcrumbList\",\"@id\":\"https:\\\/\\\/www.autisme.com\\\/es\\\/gran-premio-fie\\\/#breadcrumb\",\"itemListElement\":[{\"@type\":\"ListItem\",\"position\":1,\"name\":\"Inici\",\"item\":\"https:\\\/\\\/www.autisme.com\\\/es\\\/\"},{\"@type\":\"ListItem\",\"position\":2,\"name\":\"Gran premio FIE\"}]},{\"@type\":\"WebSite\",\"@id\":\"https:\\\/\\\/www.autisme.com\\\/es\\\/#website\",\"url\":\"https:\\\/\\\/www.autisme.com\\\/es\\\/\",\"name\":\"Autisme la Garriga\",\"description\":\"\",\"potentialAction\":[{\"@type\":\"SearchAction\",\"target\":{\"@type\":\"EntryPoint\",\"urlTemplate\":\"https:\\\/\\\/www.autisme.com\\\/es\\\/?s={search_term_string}\"},\"query-input\":{\"@type\":\"PropertyValueSpecification\",\"valueRequired\":true,\"valueName\":\"search_term_string\"}}],\"inLanguage\":\"es\"},{\"@type\":\"Person\",\"@id\":\"https:\\\/\\\/www.autisme.com\\\/es\\\/#\\\/schema\\\/person\\\/068da86cb8b099939af2900fd1daf9a1\",\"name\":\"autisme.com\",\"image\":{\"@type\":\"ImageObject\",\"inLanguage\":\"es\",\"@id\":\"https:\\\/\\\/secure.gravatar.com\\\/avatar\\\/743ede46259318efc7b0b783aab3a074cfb77aceb9250f4924c6ea2f9ba8334d?s=96&d=mm&r=g\",\"url\":\"https:\\\/\\\/secure.gravatar.com\\\/avatar\\\/743ede46259318efc7b0b783aab3a074cfb77aceb9250f4924c6ea2f9ba8334d?s=96&d=mm&r=g\",\"contentUrl\":\"https:\\\/\\\/secure.gravatar.com\\\/avatar\\\/743ede46259318efc7b0b783aab3a074cfb77aceb9250f4924c6ea2f9ba8334d?s=96&d=mm&r=g\",\"caption\":\"autisme.com\"}}]}<\/script>\n<!-- \/ Yoast SEO plugin. -->","yoast_head_json":{"title":"Gran premio FIE - Autisme la Garriga","description":"Dos personas con autismo con sus educadores, han participado en el Gran Premio FIE en el circuito Barcelona-Catalunya.","robots":{"index":"index","follow":"follow","max-snippet":"max-snippet:-1","max-image-preview":"max-image-preview:large","max-video-preview":"max-video-preview:-1"},"canonical":"https:\/\/www.autisme.com\/es\/gran-premio-fie\/","og_locale":"es_ES","og_type":"article","og_title":"Gran premio FIE - Autisme la Garriga","og_description":"Dos personas con autismo con sus educadores, han participado en el Gran Premio FIE en el circuito Barcelona-Catalunya.","og_url":"https:\/\/www.autisme.com\/es\/gran-premio-fie\/","og_site_name":"Autisme la Garriga","article_published_time":"2022-07-24T08:47:33+00:00","article_modified_time":"2023-03-27T11:52:20+00:00","og_image":[{"width":1620,"height":1080,"url":"https:\/\/www.autisme.com\/wp-content\/uploads\/2023\/03\/FIE-ALG.jpg","type":"image\/jpeg"}],"author":"autisme.com","twitter_card":"summary_large_image","twitter_misc":{"Escrito por":"autisme.com","Tiempo de lectura":"2 minutos"},"schema":{"@context":"https:\/\/schema.org","@graph":[{"@type":"Article","@id":"https:\/\/www.autisme.com\/es\/gran-premio-fie\/#article","isPartOf":{"@id":"https:\/\/www.autisme.com\/es\/gran-premio-fie\/"},"author":{"name":"autisme.com","@id":"https:\/\/www.autisme.com\/es\/#\/schema\/person\/068da86cb8b099939af2900fd1daf9a1"},"headline":"Gran premio FIE","datePublished":"2022-07-24T08:47:33+00:00","dateModified":"2023-03-27T11:52:20+00:00","mainEntityOfPage":{"@id":"https:\/\/www.autisme.com\/es\/gran-premio-fie\/"},"wordCount":227,"image":{"@id":"https:\/\/www.autisme.com\/es\/gran-premio-fie\/#primaryimage"},"thumbnailUrl":"https:\/\/www.autisme.com\/wp-content\/uploads\/2023\/03\/FIE-ALG.jpg","articleSection":["Sin categorizar"],"inLanguage":"es"},{"@type":"WebPage","@id":"https:\/\/www.autisme.com\/es\/gran-premio-fie\/","url":"https:\/\/www.autisme.com\/es\/gran-premio-fie\/","name":"Gran premio FIE - Autisme la Garriga","isPartOf":{"@id":"https:\/\/www.autisme.com\/es\/#website"},"primaryImageOfPage":{"@id":"https:\/\/www.autisme.com\/es\/gran-premio-fie\/#primaryimage"},"image":{"@id":"https:\/\/www.autisme.com\/es\/gran-premio-fie\/#primaryimage"},"thumbnailUrl":"https:\/\/www.autisme.com\/wp-content\/uploads\/2023\/03\/FIE-ALG.jpg","datePublished":"2022-07-24T08:47:33+00:00","dateModified":"2023-03-27T11:52:20+00:00","author":{"@id":"https:\/\/www.autisme.com\/es\/#\/schema\/person\/068da86cb8b099939af2900fd1daf9a1"},"description":"Dos personas con autismo con sus educadores, han participado en el Gran Premio FIE en el circuito Barcelona-Catalunya.","breadcrumb":{"@id":"https:\/\/www.autisme.com\/es\/gran-premio-fie\/#breadcrumb"},"inLanguage":"es","potentialAction":[{"@type":"ReadAction","target":["https:\/\/www.autisme.com\/es\/gran-premio-fie\/"]}]},{"@type":"ImageObject","inLanguage":"es","@id":"https:\/\/www.autisme.com\/es\/gran-premio-fie\/#primaryimage","url":"https:\/\/www.autisme.com\/wp-content\/uploads\/2023\/03\/FIE-ALG.jpg","contentUrl":"https:\/\/www.autisme.com\/wp-content\/uploads\/2023\/03\/FIE-ALG.jpg","width":1620,"height":1080},{"@type":"BreadcrumbList","@id":"https:\/\/www.autisme.com\/es\/gran-premio-fie\/#breadcrumb","itemListElement":[{"@type":"ListItem","position":1,"name":"Inici","item":"https:\/\/www.autisme.com\/es\/"},{"@type":"ListItem","position":2,"name":"Gran premio FIE"}]},{"@type":"WebSite","@id":"https:\/\/www.autisme.com\/es\/#website","url":"https:\/\/www.autisme.com\/es\/","name":"Autisme la Garriga","description":"","potentialAction":[{"@type":"SearchAction","target":{"@type":"EntryPoint","urlTemplate":"https:\/\/www.autisme.com\/es\/?s={search_term_string}"},"query-input":{"@type":"PropertyValueSpecification","valueRequired":true,"valueName":"search_term_string"}}],"inLanguage":"es"},{"@type":"Person","@id":"https:\/\/www.autisme.com\/es\/#\/schema\/person\/068da86cb8b099939af2900fd1daf9a1","name":"autisme.com","image":{"@type":"ImageObject","inLanguage":"es","@id":"https:\/\/secure.gravatar.com\/avatar\/743ede46259318efc7b0b783aab3a074cfb77aceb9250f4924c6ea2f9ba8334d?s=96&d=mm&r=g","url":"https:\/\/secure.gravatar.com\/avatar\/743ede46259318efc7b0b783aab3a074cfb77aceb9250f4924c6ea2f9ba8334d?s=96&d=mm&r=g","contentUrl":"https:\/\/secure.gravatar.com\/avatar\/743ede46259318efc7b0b783aab3a074cfb77aceb9250f4924c6ea2f9ba8334d?s=96&d=mm&r=g","caption":"autisme.com"}}]}},"_links":{"self":[{"href":"https:\/\/www.autisme.com\/es\/wp-json\/wp\/v2\/posts\/2513","targetHints":{"allow":["GET"]}}],"collection":[{"href":"https:\/\/www.autisme.com\/es\/wp-json\/wp\/v2\/posts"}],"about":[{"href":"https:\/\/www.autisme.com\/es\/wp-json\/wp\/v2\/types\/post"}],"author":[{"embeddable":true,"href":"https:\/\/www.autisme.com\/es\/wp-json\/wp\/v2\/users\/1"}],"replies":[{"embeddable":true,"href":"https:\/\/www.autisme.com\/es\/wp-json\/wp\/v2\/comments?post=2513"}],"version-history":[{"count":0,"href":"https:\/\/www.autisme.com\/es\/wp-json\/wp\/v2\/posts\/2513\/revisions"}],"wp:featuredmedia":[{"embeddable":true,"href":"https:\/\/www.autisme.com\/es\/wp-json\/wp\/v2\/media\/2511"}],"wp:attachment":[{"href":"https:\/\/www.autisme.com\/es\/wp-json\/wp\/v2\/media?parent=2513"}],"wp:term":[{"taxonomy":"category","embeddable":true,"href":"https:\/\/www.autisme.com\/es\/wp-json\/wp\/v2\/categories?post=2513"},{"taxonomy":"post_tag","embeddable":true,"href":"https:\/\/www.autisme.com\/es\/wp-json\/wp\/v2\/tags?post=2513"}],"curies":[{"name":"wp","href":"https:\/\/api.w.org\/{rel}","templated":true}]}}