{"id":52412,"date":"2024-05-20T10:34:44","date_gmt":"2024-05-20T08:34:44","guid":{"rendered":"https:\/\/www.autisme.com\/2024\/05\/20\/suport-conductual-positiu-en-el-tea\/"},"modified":"2024-05-20T10:37:48","modified_gmt":"2024-05-20T08:37:48","slug":"apoyo-conductual-positivo-en-el-tea","status":"publish","type":"post","link":"https:\/\/www.autisme.com\/es\/apoyo-conductual-positivo-en-el-tea\/","title":{"rendered":"Apoyo conductual positivo en el TEA"},"content":{"rendered":"<p><img loading=\"lazy\" decoding=\"async\" class=\"alignright wp-image-52408\" src=\"https:\/\/www.autisme.com\/wp-content\/uploads\/2024\/05\/Suport-conductual-en-el-TEA-300x300.jpg\" alt=\"\" width=\"400\" height=\"400\" srcset=\"https:\/\/www.autisme.com\/wp-content\/uploads\/2024\/05\/Suport-conductual-en-el-TEA-300x300.jpg 300w, https:\/\/www.autisme.com\/wp-content\/uploads\/2024\/05\/Suport-conductual-en-el-TEA-1024x1024.jpg 1024w, https:\/\/www.autisme.com\/wp-content\/uploads\/2024\/05\/Suport-conductual-en-el-TEA-150x150.jpg 150w, https:\/\/www.autisme.com\/wp-content\/uploads\/2024\/05\/Suport-conductual-en-el-TEA-768x767.jpg 768w, https:\/\/www.autisme.com\/wp-content\/uploads\/2024\/05\/Suport-conductual-en-el-TEA.jpg 1081w\" sizes=\"auto, (max-width: 400px) 100vw, 400px\" \/><\/p>\n<p>Dentro del proyecto \u00abAtenci\u00f3n integral a familias con personas con TEA\u00bb, CERAC, organiza una serie de sesiones destinadas a familiares de personas con TEA con el fin de dar respuesta a sus necesidades.<\/p>\n<p>En esta segunda sesi\u00f3n, Lara Macias, psic\u00f3loga de CERAC, dar\u00e1 una amplia visi\u00f3n sobre el <strong>soporte conductual positivo en el TEA<\/strong>.<\/p>\n<p>El soporte conductual positivo es una t\u00e9cnica de intervenci\u00f3n aplicada para afrontar las conductas problem\u00e1ticas en diferentes contextos y su objetivo es mejorar la calidad de vida de la persona. Mediante esta t\u00e9cnica podemos conseguir reducir aquellas conductas no deseadas y sustituirlas por conductas m\u00e1s adaptativas, ya sea potenci\u00e1ndolas o ense\u00f1\u00e1ndolas.<\/p>\n<p>La sesi\u00f3n es gratuita y se llevar\u00e1 a cabo en la sede social de <strong>CERAC<\/strong>, en la <strong>Ronda del Carril 75<\/strong> de <strong>la Garriga<\/strong> el pr\u00f3ximo viernes <strong>31 de mayo a las 13 h<\/strong>. La duraci\u00f3n de la sesi\u00f3n ser\u00e1 de una hora.<\/p>\n<p>Si est\u00e1 interesado en participar, puede hacer su inscripci\u00f3n a trav\u00e9s de <a href=\"https:\/\/autisme.com\/formacio\" target=\"_blank\" rel=\"noopener\">https:\/\/autisme.com\/formacio<\/a><\/p>\n","protected":false},"excerpt":{"rendered":"<p>Dentro del proyecto \u00abAtenci\u00f3n integral a familias con personas con TEA\u00bb, CERAC, organiza una serie de sesiones destinadas a familiares de personas con TEA con el fin de dar respuesta a sus necesidades. En esta segunda sesi\u00f3n, Lara Macias, psic\u00f3loga de CERAC, dar\u00e1 una amplia visi\u00f3n sobre el soporte conductual positivo en el TEA. El&hellip;<\/p>\n","protected":false},"author":1,"featured_media":52410,"comment_status":"closed","ping_status":"closed","sticky":false,"template":"","format":"standard","meta":{"footnotes":""},"categories":[21,6],"tags":[],"class_list":["post-52412","post","type-post","status-publish","format-standard","has-post-thumbnail","hentry","category-formacio-es","category-sin-categorizar","category-21","category-6","description-off"],"yoast_head":"<!-- This site is optimized with the Yoast SEO plugin v27.4 - https:\/\/yoast.com\/product\/yoast-seo-wordpress\/ -->\n<title>Apoyo conductual positivo en el TEA - Autisme la Garriga<\/title>\n<meta name=\"description\" content=\"El suport conductual positiu es una t\u00e8cnica d\u2019intervenci\u00f3 aplicada per afrontar les conductes problem\u00e0tiques i el seu objectiu \u00e9s millorar la qualitat de vida de la persona.\" \/>\n<meta name=\"robots\" content=\"index, follow, max-snippet:-1, max-image-preview:large, max-video-preview:-1\" \/>\n<link rel=\"canonical\" href=\"https:\/\/www.autisme.com\/es\/apoyo-conductual-positivo-en-el-tea\/\" \/>\n<meta property=\"og:locale\" content=\"es_ES\" \/>\n<meta property=\"og:type\" content=\"article\" \/>\n<meta property=\"og:title\" content=\"Apoyo conductual positivo en el TEA - Autisme la Garriga\" \/>\n<meta property=\"og:description\" content=\"El suport conductual positiu es una t\u00e8cnica d\u2019intervenci\u00f3 aplicada per afrontar les conductes problem\u00e0tiques i el seu objectiu \u00e9s millorar la qualitat de vida de la persona.\" \/>\n<meta property=\"og:url\" content=\"https:\/\/www.autisme.com\/es\/apoyo-conductual-positivo-en-el-tea\/\" \/>\n<meta property=\"og:site_name\" content=\"Autisme la Garriga\" \/>\n<meta property=\"article:published_time\" content=\"2024-05-20T08:34:44+00:00\" \/>\n<meta property=\"article:modified_time\" content=\"2024-05-20T08:37:48+00:00\" \/>\n<meta property=\"og:image\" content=\"https:\/\/www.autisme.com\/wp-content\/uploads\/2024\/05\/Suport-conductual-en-el-TEA.jpg\" \/>\n\t<meta property=\"og:image:width\" content=\"1081\" \/>\n\t<meta property=\"og:image:height\" content=\"1080\" \/>\n\t<meta property=\"og:image:type\" content=\"image\/jpeg\" \/>\n<meta name=\"author\" content=\"autisme.com\" \/>\n<meta name=\"twitter:card\" content=\"summary_large_image\" \/>\n<meta name=\"twitter:label1\" content=\"Escrito por\" \/>\n\t<meta name=\"twitter:data1\" content=\"autisme.com\" \/>\n\t<meta name=\"twitter:label2\" content=\"Tiempo de lectura\" \/>\n\t<meta name=\"twitter:data2\" content=\"2 minutos\" \/>\n<script type=\"application\/ld+json\" class=\"yoast-schema-graph\">{\"@context\":\"https:\\\/\\\/schema.org\",\"@graph\":[{\"@type\":\"Article\",\"@id\":\"https:\\\/\\\/www.autisme.com\\\/es\\\/apoyo-conductual-positivo-en-el-tea\\\/#article\",\"isPartOf\":{\"@id\":\"https:\\\/\\\/www.autisme.com\\\/es\\\/apoyo-conductual-positivo-en-el-tea\\\/\"},\"author\":{\"name\":\"autisme.com\",\"@id\":\"https:\\\/\\\/www.autisme.com\\\/es\\\/#\\\/schema\\\/person\\\/068da86cb8b099939af2900fd1daf9a1\"},\"headline\":\"Apoyo conductual positivo en el TEA\",\"datePublished\":\"2024-05-20T08:34:44+00:00\",\"dateModified\":\"2024-05-20T08:37:48+00:00\",\"mainEntityOfPage\":{\"@id\":\"https:\\\/\\\/www.autisme.com\\\/es\\\/apoyo-conductual-positivo-en-el-tea\\\/\"},\"wordCount\":184,\"image\":{\"@id\":\"https:\\\/\\\/www.autisme.com\\\/es\\\/apoyo-conductual-positivo-en-el-tea\\\/#primaryimage\"},\"thumbnailUrl\":\"https:\\\/\\\/www.autisme.com\\\/wp-content\\\/uploads\\\/2024\\\/05\\\/Suport-conductual-en-el-TEA.jpg\",\"articleSection\":[\"Formaci\u00f3\",\"Sin categorizar\"],\"inLanguage\":\"es\"},{\"@type\":\"WebPage\",\"@id\":\"https:\\\/\\\/www.autisme.com\\\/es\\\/apoyo-conductual-positivo-en-el-tea\\\/\",\"url\":\"https:\\\/\\\/www.autisme.com\\\/es\\\/apoyo-conductual-positivo-en-el-tea\\\/\",\"name\":\"Apoyo conductual positivo en el TEA - Autisme la Garriga\",\"isPartOf\":{\"@id\":\"https:\\\/\\\/www.autisme.com\\\/es\\\/#website\"},\"primaryImageOfPage\":{\"@id\":\"https:\\\/\\\/www.autisme.com\\\/es\\\/apoyo-conductual-positivo-en-el-tea\\\/#primaryimage\"},\"image\":{\"@id\":\"https:\\\/\\\/www.autisme.com\\\/es\\\/apoyo-conductual-positivo-en-el-tea\\\/#primaryimage\"},\"thumbnailUrl\":\"https:\\\/\\\/www.autisme.com\\\/wp-content\\\/uploads\\\/2024\\\/05\\\/Suport-conductual-en-el-TEA.jpg\",\"datePublished\":\"2024-05-20T08:34:44+00:00\",\"dateModified\":\"2024-05-20T08:37:48+00:00\",\"author\":{\"@id\":\"https:\\\/\\\/www.autisme.com\\\/es\\\/#\\\/schema\\\/person\\\/068da86cb8b099939af2900fd1daf9a1\"},\"description\":\"El suport conductual positiu es una t\u00e8cnica d\u2019intervenci\u00f3 aplicada per afrontar les conductes problem\u00e0tiques i el seu objectiu \u00e9s millorar la qualitat de vida de la persona.\",\"breadcrumb\":{\"@id\":\"https:\\\/\\\/www.autisme.com\\\/es\\\/apoyo-conductual-positivo-en-el-tea\\\/#breadcrumb\"},\"inLanguage\":\"es\",\"potentialAction\":[{\"@type\":\"ReadAction\",\"target\":[\"https:\\\/\\\/www.autisme.com\\\/es\\\/apoyo-conductual-positivo-en-el-tea\\\/\"]}]},{\"@type\":\"ImageObject\",\"inLanguage\":\"es\",\"@id\":\"https:\\\/\\\/www.autisme.com\\\/es\\\/apoyo-conductual-positivo-en-el-tea\\\/#primaryimage\",\"url\":\"https:\\\/\\\/www.autisme.com\\\/wp-content\\\/uploads\\\/2024\\\/05\\\/Suport-conductual-en-el-TEA.jpg\",\"contentUrl\":\"https:\\\/\\\/www.autisme.com\\\/wp-content\\\/uploads\\\/2024\\\/05\\\/Suport-conductual-en-el-TEA.jpg\",\"width\":1081,\"height\":1080},{\"@type\":\"BreadcrumbList\",\"@id\":\"https:\\\/\\\/www.autisme.com\\\/es\\\/apoyo-conductual-positivo-en-el-tea\\\/#breadcrumb\",\"itemListElement\":[{\"@type\":\"ListItem\",\"position\":1,\"name\":\"Inici\",\"item\":\"https:\\\/\\\/www.autisme.com\\\/es\\\/\"},{\"@type\":\"ListItem\",\"position\":2,\"name\":\"Apoyo conductual positivo en el TEA\"}]},{\"@type\":\"WebSite\",\"@id\":\"https:\\\/\\\/www.autisme.com\\\/es\\\/#website\",\"url\":\"https:\\\/\\\/www.autisme.com\\\/es\\\/\",\"name\":\"Autisme la Garriga\",\"description\":\"\",\"potentialAction\":[{\"@type\":\"SearchAction\",\"target\":{\"@type\":\"EntryPoint\",\"urlTemplate\":\"https:\\\/\\\/www.autisme.com\\\/es\\\/?s={search_term_string}\"},\"query-input\":{\"@type\":\"PropertyValueSpecification\",\"valueRequired\":true,\"valueName\":\"search_term_string\"}}],\"inLanguage\":\"es\"},{\"@type\":\"Person\",\"@id\":\"https:\\\/\\\/www.autisme.com\\\/es\\\/#\\\/schema\\\/person\\\/068da86cb8b099939af2900fd1daf9a1\",\"name\":\"autisme.com\",\"image\":{\"@type\":\"ImageObject\",\"inLanguage\":\"es\",\"@id\":\"https:\\\/\\\/secure.gravatar.com\\\/avatar\\\/743ede46259318efc7b0b783aab3a074cfb77aceb9250f4924c6ea2f9ba8334d?s=96&d=mm&r=g\",\"url\":\"https:\\\/\\\/secure.gravatar.com\\\/avatar\\\/743ede46259318efc7b0b783aab3a074cfb77aceb9250f4924c6ea2f9ba8334d?s=96&d=mm&r=g\",\"contentUrl\":\"https:\\\/\\\/secure.gravatar.com\\\/avatar\\\/743ede46259318efc7b0b783aab3a074cfb77aceb9250f4924c6ea2f9ba8334d?s=96&d=mm&r=g\",\"caption\":\"autisme.com\"}}]}<\/script>\n<!-- \/ Yoast SEO plugin. -->","yoast_head_json":{"title":"Apoyo conductual positivo en el TEA - Autisme la Garriga","description":"El suport conductual positiu es una t\u00e8cnica d\u2019intervenci\u00f3 aplicada per afrontar les conductes problem\u00e0tiques i el seu objectiu \u00e9s millorar la qualitat de vida de la persona.","robots":{"index":"index","follow":"follow","max-snippet":"max-snippet:-1","max-image-preview":"max-image-preview:large","max-video-preview":"max-video-preview:-1"},"canonical":"https:\/\/www.autisme.com\/es\/apoyo-conductual-positivo-en-el-tea\/","og_locale":"es_ES","og_type":"article","og_title":"Apoyo conductual positivo en el TEA - Autisme la Garriga","og_description":"El suport conductual positiu es una t\u00e8cnica d\u2019intervenci\u00f3 aplicada per afrontar les conductes problem\u00e0tiques i el seu objectiu \u00e9s millorar la qualitat de vida de la persona.","og_url":"https:\/\/www.autisme.com\/es\/apoyo-conductual-positivo-en-el-tea\/","og_site_name":"Autisme la Garriga","article_published_time":"2024-05-20T08:34:44+00:00","article_modified_time":"2024-05-20T08:37:48+00:00","og_image":[{"width":1081,"height":1080,"url":"https:\/\/www.autisme.com\/wp-content\/uploads\/2024\/05\/Suport-conductual-en-el-TEA.jpg","type":"image\/jpeg"}],"author":"autisme.com","twitter_card":"summary_large_image","twitter_misc":{"Escrito por":"autisme.com","Tiempo de lectura":"2 minutos"},"schema":{"@context":"https:\/\/schema.org","@graph":[{"@type":"Article","@id":"https:\/\/www.autisme.com\/es\/apoyo-conductual-positivo-en-el-tea\/#article","isPartOf":{"@id":"https:\/\/www.autisme.com\/es\/apoyo-conductual-positivo-en-el-tea\/"},"author":{"name":"autisme.com","@id":"https:\/\/www.autisme.com\/es\/#\/schema\/person\/068da86cb8b099939af2900fd1daf9a1"},"headline":"Apoyo conductual positivo en el TEA","datePublished":"2024-05-20T08:34:44+00:00","dateModified":"2024-05-20T08:37:48+00:00","mainEntityOfPage":{"@id":"https:\/\/www.autisme.com\/es\/apoyo-conductual-positivo-en-el-tea\/"},"wordCount":184,"image":{"@id":"https:\/\/www.autisme.com\/es\/apoyo-conductual-positivo-en-el-tea\/#primaryimage"},"thumbnailUrl":"https:\/\/www.autisme.com\/wp-content\/uploads\/2024\/05\/Suport-conductual-en-el-TEA.jpg","articleSection":["Formaci\u00f3","Sin categorizar"],"inLanguage":"es"},{"@type":"WebPage","@id":"https:\/\/www.autisme.com\/es\/apoyo-conductual-positivo-en-el-tea\/","url":"https:\/\/www.autisme.com\/es\/apoyo-conductual-positivo-en-el-tea\/","name":"Apoyo conductual positivo en el TEA - Autisme la Garriga","isPartOf":{"@id":"https:\/\/www.autisme.com\/es\/#website"},"primaryImageOfPage":{"@id":"https:\/\/www.autisme.com\/es\/apoyo-conductual-positivo-en-el-tea\/#primaryimage"},"image":{"@id":"https:\/\/www.autisme.com\/es\/apoyo-conductual-positivo-en-el-tea\/#primaryimage"},"thumbnailUrl":"https:\/\/www.autisme.com\/wp-content\/uploads\/2024\/05\/Suport-conductual-en-el-TEA.jpg","datePublished":"2024-05-20T08:34:44+00:00","dateModified":"2024-05-20T08:37:48+00:00","author":{"@id":"https:\/\/www.autisme.com\/es\/#\/schema\/person\/068da86cb8b099939af2900fd1daf9a1"},"description":"El suport conductual positiu es una t\u00e8cnica d\u2019intervenci\u00f3 aplicada per afrontar les conductes problem\u00e0tiques i el seu objectiu \u00e9s millorar la qualitat de vida de la persona.","breadcrumb":{"@id":"https:\/\/www.autisme.com\/es\/apoyo-conductual-positivo-en-el-tea\/#breadcrumb"},"inLanguage":"es","potentialAction":[{"@type":"ReadAction","target":["https:\/\/www.autisme.com\/es\/apoyo-conductual-positivo-en-el-tea\/"]}]},{"@type":"ImageObject","inLanguage":"es","@id":"https:\/\/www.autisme.com\/es\/apoyo-conductual-positivo-en-el-tea\/#primaryimage","url":"https:\/\/www.autisme.com\/wp-content\/uploads\/2024\/05\/Suport-conductual-en-el-TEA.jpg","contentUrl":"https:\/\/www.autisme.com\/wp-content\/uploads\/2024\/05\/Suport-conductual-en-el-TEA.jpg","width":1081,"height":1080},{"@type":"BreadcrumbList","@id":"https:\/\/www.autisme.com\/es\/apoyo-conductual-positivo-en-el-tea\/#breadcrumb","itemListElement":[{"@type":"ListItem","position":1,"name":"Inici","item":"https:\/\/www.autisme.com\/es\/"},{"@type":"ListItem","position":2,"name":"Apoyo conductual positivo en el TEA"}]},{"@type":"WebSite","@id":"https:\/\/www.autisme.com\/es\/#website","url":"https:\/\/www.autisme.com\/es\/","name":"Autisme la Garriga","description":"","potentialAction":[{"@type":"SearchAction","target":{"@type":"EntryPoint","urlTemplate":"https:\/\/www.autisme.com\/es\/?s={search_term_string}"},"query-input":{"@type":"PropertyValueSpecification","valueRequired":true,"valueName":"search_term_string"}}],"inLanguage":"es"},{"@type":"Person","@id":"https:\/\/www.autisme.com\/es\/#\/schema\/person\/068da86cb8b099939af2900fd1daf9a1","name":"autisme.com","image":{"@type":"ImageObject","inLanguage":"es","@id":"https:\/\/secure.gravatar.com\/avatar\/743ede46259318efc7b0b783aab3a074cfb77aceb9250f4924c6ea2f9ba8334d?s=96&d=mm&r=g","url":"https:\/\/secure.gravatar.com\/avatar\/743ede46259318efc7b0b783aab3a074cfb77aceb9250f4924c6ea2f9ba8334d?s=96&d=mm&r=g","contentUrl":"https:\/\/secure.gravatar.com\/avatar\/743ede46259318efc7b0b783aab3a074cfb77aceb9250f4924c6ea2f9ba8334d?s=96&d=mm&r=g","caption":"autisme.com"}}]}},"_links":{"self":[{"href":"https:\/\/www.autisme.com\/es\/wp-json\/wp\/v2\/posts\/52412","targetHints":{"allow":["GET"]}}],"collection":[{"href":"https:\/\/www.autisme.com\/es\/wp-json\/wp\/v2\/posts"}],"about":[{"href":"https:\/\/www.autisme.com\/es\/wp-json\/wp\/v2\/types\/post"}],"author":[{"embeddable":true,"href":"https:\/\/www.autisme.com\/es\/wp-json\/wp\/v2\/users\/1"}],"replies":[{"embeddable":true,"href":"https:\/\/www.autisme.com\/es\/wp-json\/wp\/v2\/comments?post=52412"}],"version-history":[{"count":0,"href":"https:\/\/www.autisme.com\/es\/wp-json\/wp\/v2\/posts\/52412\/revisions"}],"wp:featuredmedia":[{"embeddable":true,"href":"https:\/\/www.autisme.com\/es\/wp-json\/wp\/v2\/media\/52410"}],"wp:attachment":[{"href":"https:\/\/www.autisme.com\/es\/wp-json\/wp\/v2\/media?parent=52412"}],"wp:term":[{"taxonomy":"category","embeddable":true,"href":"https:\/\/www.autisme.com\/es\/wp-json\/wp\/v2\/categories?post=52412"},{"taxonomy":"post_tag","embeddable":true,"href":"https:\/\/www.autisme.com\/es\/wp-json\/wp\/v2\/tags?post=52412"}],"curies":[{"name":"wp","href":"https:\/\/api.w.org\/{rel}","templated":true}]}}