{"id":52747,"date":"2024-10-21T10:04:56","date_gmt":"2024-10-21T08:04:56","guid":{"rendered":"https:\/\/www.autisme.com\/2024\/10\/21\/autisme-i-familia\/"},"modified":"2024-11-05T14:50:38","modified_gmt":"2024-11-05T12:50:38","slug":"autismo-y-familia","status":"publish","type":"post","link":"https:\/\/www.autisme.com\/es\/autismo-y-familia\/","title":{"rendered":"Autismo y familia"},"content":{"rendered":"<p><img loading=\"lazy\" decoding=\"async\" class=\"alignright wp-image-52742\" src=\"https:\/\/autisme.com\/wp-content\/uploads\/2024\/10\/Autisme-i-familia-300x300.png\" alt=\"\" width=\"400\" height=\"400\" srcset=\"https:\/\/www.autisme.com\/wp-content\/uploads\/2024\/10\/Autisme-i-familia-300x300.png 300w, https:\/\/www.autisme.com\/wp-content\/uploads\/2024\/10\/Autisme-i-familia-1024x1024.png 1024w, https:\/\/www.autisme.com\/wp-content\/uploads\/2024\/10\/Autisme-i-familia-150x150.png 150w, https:\/\/www.autisme.com\/wp-content\/uploads\/2024\/10\/Autisme-i-familia-768x767.png 768w, https:\/\/www.autisme.com\/wp-content\/uploads\/2024\/10\/Autisme-i-familia.png 1081w\" sizes=\"auto, (max-width: 400px) 100vw, 400px\" \/>El pr\u00f3ximo <strong>martes 5 de noviembre<\/strong> a las 18h. se llevar\u00e1 a cabo la sesi\u00f3n \u00abautismo y familia\u00bb, a cargo del dr. Francisco Cuxart.<\/p>\n<p>Esta sesi\u00f3n est\u00e1 enmarcada dentro del proyecto \u00abAtenci\u00f3n integral a familias con personas con TEA\u00bb, donde CERAC organiza una serie de conferencias destinadas a familiares de personas con TEA con el fin de dar respuesta a sus necesidades.<\/p>\n<p>En esta sesi\u00f3n el dr. Francesc Cuxart nos hablar\u00e1 del impacto que tiene en una familia el tener un hijo con autismo: qu\u00e9 rol tiene la familia, qu\u00e9 influencia tiene en sus hermanos (si tiene), qu\u00e9 etapas deben superar los progenitores. .<br \/>\nLa sesi\u00f3n es gratuita y se llevar\u00e1 a cabo en la sede social de la CERAC, en la Ronda del Carril 75 de la Garriga, el pr\u00f3ximo martes 5 de noviembre a las 18 h. La duraci\u00f3n de la sesi\u00f3n ser\u00e1 de una hora y se destinar\u00e1 \u00bd h. m\u00e1s a resolver dudas.<\/p>\n<p>Si est\u00e1 interesado en participar, puede hacer su inscripci\u00f3n a trav\u00e9s de <a href=\"https:\/\/autisme.com\/formacio\" target=\"_blank\" rel=\"noopener\">https:\/\/autisme.com\/formacio<\/a><\/p>\n<p>Estas formaciones tienen la cofinanciaci\u00f3n del departamento de Derechos Sociales e Inclusi\u00f3n de la Generalidad de Catalu\u00f1a.<\/p>\n","protected":false},"excerpt":{"rendered":"<p>El pr\u00f3ximo martes 5 de noviembre a las 18h. se llevar\u00e1 a cabo la sesi\u00f3n \u00abautismo y familia\u00bb, a cargo del dr. Francisco Cuxart. Esta sesi\u00f3n est\u00e1 enmarcada dentro del proyecto \u00abAtenci\u00f3n integral a familias con personas con TEA\u00bb, donde CERAC organiza una serie de conferencias destinadas a familiares de personas con TEA con el&hellip;<\/p>\n","protected":false},"author":1,"featured_media":52744,"comment_status":"closed","ping_status":"closed","sticky":false,"template":"","format":"standard","meta":{"footnotes":""},"categories":[22,21],"tags":[],"class_list":["post-52747","post","type-post","status-publish","format-standard","has-post-thumbnail","hentry","category-actualitat-2","category-formacio-es","category-22","category-21","description-off"],"yoast_head":"<!-- This site is optimized with the Yoast SEO plugin v27.4 - https:\/\/yoast.com\/product\/yoast-seo-wordpress\/ -->\n<title>Autismo y familia - Autisme la Garriga<\/title>\n<meta name=\"robots\" content=\"index, follow, max-snippet:-1, max-image-preview:large, max-video-preview:-1\" \/>\n<link rel=\"canonical\" href=\"https:\/\/www.autisme.com\/es\/autismo-y-familia\/\" \/>\n<meta property=\"og:locale\" content=\"es_ES\" \/>\n<meta property=\"og:type\" content=\"article\" \/>\n<meta property=\"og:title\" content=\"Autismo y familia - Autisme la Garriga\" \/>\n<meta property=\"og:description\" content=\"El pr\u00f3ximo martes 5 de noviembre a las 18h. se llevar\u00e1 a cabo la sesi\u00f3n \u00abautismo y familia\u00bb, a cargo del dr. Francisco Cuxart. Esta sesi\u00f3n est\u00e1 enmarcada dentro del proyecto \u00abAtenci\u00f3n integral a familias con personas con TEA\u00bb, donde CERAC organiza una serie de conferencias destinadas a familiares de personas con TEA con el&hellip;\" \/>\n<meta property=\"og:url\" content=\"https:\/\/www.autisme.com\/es\/autismo-y-familia\/\" \/>\n<meta property=\"og:site_name\" content=\"Autisme la Garriga\" \/>\n<meta property=\"article:published_time\" content=\"2024-10-21T08:04:56+00:00\" \/>\n<meta property=\"article:modified_time\" content=\"2024-11-05T12:50:38+00:00\" \/>\n<meta property=\"og:image\" content=\"https:\/\/www.autisme.com\/wp-content\/uploads\/2024\/10\/Autisme-i-familia.png\" \/>\n\t<meta property=\"og:image:width\" content=\"1081\" \/>\n\t<meta property=\"og:image:height\" content=\"1080\" \/>\n\t<meta property=\"og:image:type\" content=\"image\/png\" \/>\n<meta name=\"author\" content=\"autisme.com\" \/>\n<meta name=\"twitter:card\" content=\"summary_large_image\" \/>\n<meta name=\"twitter:label1\" content=\"Escrito por\" \/>\n\t<meta name=\"twitter:data1\" content=\"autisme.com\" \/>\n\t<meta name=\"twitter:label2\" content=\"Tiempo de lectura\" \/>\n\t<meta name=\"twitter:data2\" content=\"2 minutos\" \/>\n<script type=\"application\/ld+json\" class=\"yoast-schema-graph\">{\"@context\":\"https:\\\/\\\/schema.org\",\"@graph\":[{\"@type\":\"Article\",\"@id\":\"https:\\\/\\\/www.autisme.com\\\/es\\\/autismo-y-familia\\\/#article\",\"isPartOf\":{\"@id\":\"https:\\\/\\\/www.autisme.com\\\/es\\\/autismo-y-familia\\\/\"},\"author\":{\"name\":\"autisme.com\",\"@id\":\"https:\\\/\\\/www.autisme.com\\\/es\\\/#\\\/schema\\\/person\\\/068da86cb8b099939af2900fd1daf9a1\"},\"headline\":\"Autismo y familia\",\"datePublished\":\"2024-10-21T08:04:56+00:00\",\"dateModified\":\"2024-11-05T12:50:38+00:00\",\"mainEntityOfPage\":{\"@id\":\"https:\\\/\\\/www.autisme.com\\\/es\\\/autismo-y-familia\\\/\"},\"wordCount\":202,\"image\":{\"@id\":\"https:\\\/\\\/www.autisme.com\\\/es\\\/autismo-y-familia\\\/#primaryimage\"},\"thumbnailUrl\":\"https:\\\/\\\/www.autisme.com\\\/wp-content\\\/uploads\\\/2024\\\/10\\\/Autisme-i-familia.png\",\"articleSection\":[\"Actualitat\",\"Formaci\u00f3\"],\"inLanguage\":\"es\"},{\"@type\":\"WebPage\",\"@id\":\"https:\\\/\\\/www.autisme.com\\\/es\\\/autismo-y-familia\\\/\",\"url\":\"https:\\\/\\\/www.autisme.com\\\/es\\\/autismo-y-familia\\\/\",\"name\":\"Autismo y familia - Autisme la Garriga\",\"isPartOf\":{\"@id\":\"https:\\\/\\\/www.autisme.com\\\/es\\\/#website\"},\"primaryImageOfPage\":{\"@id\":\"https:\\\/\\\/www.autisme.com\\\/es\\\/autismo-y-familia\\\/#primaryimage\"},\"image\":{\"@id\":\"https:\\\/\\\/www.autisme.com\\\/es\\\/autismo-y-familia\\\/#primaryimage\"},\"thumbnailUrl\":\"https:\\\/\\\/www.autisme.com\\\/wp-content\\\/uploads\\\/2024\\\/10\\\/Autisme-i-familia.png\",\"datePublished\":\"2024-10-21T08:04:56+00:00\",\"dateModified\":\"2024-11-05T12:50:38+00:00\",\"author\":{\"@id\":\"https:\\\/\\\/www.autisme.com\\\/es\\\/#\\\/schema\\\/person\\\/068da86cb8b099939af2900fd1daf9a1\"},\"breadcrumb\":{\"@id\":\"https:\\\/\\\/www.autisme.com\\\/es\\\/autismo-y-familia\\\/#breadcrumb\"},\"inLanguage\":\"es\",\"potentialAction\":[{\"@type\":\"ReadAction\",\"target\":[\"https:\\\/\\\/www.autisme.com\\\/es\\\/autismo-y-familia\\\/\"]}]},{\"@type\":\"ImageObject\",\"inLanguage\":\"es\",\"@id\":\"https:\\\/\\\/www.autisme.com\\\/es\\\/autismo-y-familia\\\/#primaryimage\",\"url\":\"https:\\\/\\\/www.autisme.com\\\/wp-content\\\/uploads\\\/2024\\\/10\\\/Autisme-i-familia.png\",\"contentUrl\":\"https:\\\/\\\/www.autisme.com\\\/wp-content\\\/uploads\\\/2024\\\/10\\\/Autisme-i-familia.png\",\"width\":1081,\"height\":1080},{\"@type\":\"BreadcrumbList\",\"@id\":\"https:\\\/\\\/www.autisme.com\\\/es\\\/autismo-y-familia\\\/#breadcrumb\",\"itemListElement\":[{\"@type\":\"ListItem\",\"position\":1,\"name\":\"Inici\",\"item\":\"https:\\\/\\\/www.autisme.com\\\/es\\\/\"},{\"@type\":\"ListItem\",\"position\":2,\"name\":\"Autismo y familia\"}]},{\"@type\":\"WebSite\",\"@id\":\"https:\\\/\\\/www.autisme.com\\\/es\\\/#website\",\"url\":\"https:\\\/\\\/www.autisme.com\\\/es\\\/\",\"name\":\"Autisme la Garriga\",\"description\":\"\",\"potentialAction\":[{\"@type\":\"SearchAction\",\"target\":{\"@type\":\"EntryPoint\",\"urlTemplate\":\"https:\\\/\\\/www.autisme.com\\\/es\\\/?s={search_term_string}\"},\"query-input\":{\"@type\":\"PropertyValueSpecification\",\"valueRequired\":true,\"valueName\":\"search_term_string\"}}],\"inLanguage\":\"es\"},{\"@type\":\"Person\",\"@id\":\"https:\\\/\\\/www.autisme.com\\\/es\\\/#\\\/schema\\\/person\\\/068da86cb8b099939af2900fd1daf9a1\",\"name\":\"autisme.com\",\"image\":{\"@type\":\"ImageObject\",\"inLanguage\":\"es\",\"@id\":\"https:\\\/\\\/secure.gravatar.com\\\/avatar\\\/743ede46259318efc7b0b783aab3a074cfb77aceb9250f4924c6ea2f9ba8334d?s=96&d=mm&r=g\",\"url\":\"https:\\\/\\\/secure.gravatar.com\\\/avatar\\\/743ede46259318efc7b0b783aab3a074cfb77aceb9250f4924c6ea2f9ba8334d?s=96&d=mm&r=g\",\"contentUrl\":\"https:\\\/\\\/secure.gravatar.com\\\/avatar\\\/743ede46259318efc7b0b783aab3a074cfb77aceb9250f4924c6ea2f9ba8334d?s=96&d=mm&r=g\",\"caption\":\"autisme.com\"}}]}<\/script>\n<!-- \/ Yoast SEO plugin. -->","yoast_head_json":{"title":"Autismo y familia - Autisme la Garriga","robots":{"index":"index","follow":"follow","max-snippet":"max-snippet:-1","max-image-preview":"max-image-preview:large","max-video-preview":"max-video-preview:-1"},"canonical":"https:\/\/www.autisme.com\/es\/autismo-y-familia\/","og_locale":"es_ES","og_type":"article","og_title":"Autismo y familia - Autisme la Garriga","og_description":"El pr\u00f3ximo martes 5 de noviembre a las 18h. se llevar\u00e1 a cabo la sesi\u00f3n \u00abautismo y familia\u00bb, a cargo del dr. Francisco Cuxart. Esta sesi\u00f3n est\u00e1 enmarcada dentro del proyecto \u00abAtenci\u00f3n integral a familias con personas con TEA\u00bb, donde CERAC organiza una serie de conferencias destinadas a familiares de personas con TEA con el&hellip;","og_url":"https:\/\/www.autisme.com\/es\/autismo-y-familia\/","og_site_name":"Autisme la Garriga","article_published_time":"2024-10-21T08:04:56+00:00","article_modified_time":"2024-11-05T12:50:38+00:00","og_image":[{"width":1081,"height":1080,"url":"https:\/\/www.autisme.com\/wp-content\/uploads\/2024\/10\/Autisme-i-familia.png","type":"image\/png"}],"author":"autisme.com","twitter_card":"summary_large_image","twitter_misc":{"Escrito por":"autisme.com","Tiempo de lectura":"2 minutos"},"schema":{"@context":"https:\/\/schema.org","@graph":[{"@type":"Article","@id":"https:\/\/www.autisme.com\/es\/autismo-y-familia\/#article","isPartOf":{"@id":"https:\/\/www.autisme.com\/es\/autismo-y-familia\/"},"author":{"name":"autisme.com","@id":"https:\/\/www.autisme.com\/es\/#\/schema\/person\/068da86cb8b099939af2900fd1daf9a1"},"headline":"Autismo y familia","datePublished":"2024-10-21T08:04:56+00:00","dateModified":"2024-11-05T12:50:38+00:00","mainEntityOfPage":{"@id":"https:\/\/www.autisme.com\/es\/autismo-y-familia\/"},"wordCount":202,"image":{"@id":"https:\/\/www.autisme.com\/es\/autismo-y-familia\/#primaryimage"},"thumbnailUrl":"https:\/\/www.autisme.com\/wp-content\/uploads\/2024\/10\/Autisme-i-familia.png","articleSection":["Actualitat","Formaci\u00f3"],"inLanguage":"es"},{"@type":"WebPage","@id":"https:\/\/www.autisme.com\/es\/autismo-y-familia\/","url":"https:\/\/www.autisme.com\/es\/autismo-y-familia\/","name":"Autismo y familia - Autisme la Garriga","isPartOf":{"@id":"https:\/\/www.autisme.com\/es\/#website"},"primaryImageOfPage":{"@id":"https:\/\/www.autisme.com\/es\/autismo-y-familia\/#primaryimage"},"image":{"@id":"https:\/\/www.autisme.com\/es\/autismo-y-familia\/#primaryimage"},"thumbnailUrl":"https:\/\/www.autisme.com\/wp-content\/uploads\/2024\/10\/Autisme-i-familia.png","datePublished":"2024-10-21T08:04:56+00:00","dateModified":"2024-11-05T12:50:38+00:00","author":{"@id":"https:\/\/www.autisme.com\/es\/#\/schema\/person\/068da86cb8b099939af2900fd1daf9a1"},"breadcrumb":{"@id":"https:\/\/www.autisme.com\/es\/autismo-y-familia\/#breadcrumb"},"inLanguage":"es","potentialAction":[{"@type":"ReadAction","target":["https:\/\/www.autisme.com\/es\/autismo-y-familia\/"]}]},{"@type":"ImageObject","inLanguage":"es","@id":"https:\/\/www.autisme.com\/es\/autismo-y-familia\/#primaryimage","url":"https:\/\/www.autisme.com\/wp-content\/uploads\/2024\/10\/Autisme-i-familia.png","contentUrl":"https:\/\/www.autisme.com\/wp-content\/uploads\/2024\/10\/Autisme-i-familia.png","width":1081,"height":1080},{"@type":"BreadcrumbList","@id":"https:\/\/www.autisme.com\/es\/autismo-y-familia\/#breadcrumb","itemListElement":[{"@type":"ListItem","position":1,"name":"Inici","item":"https:\/\/www.autisme.com\/es\/"},{"@type":"ListItem","position":2,"name":"Autismo y familia"}]},{"@type":"WebSite","@id":"https:\/\/www.autisme.com\/es\/#website","url":"https:\/\/www.autisme.com\/es\/","name":"Autisme la Garriga","description":"","potentialAction":[{"@type":"SearchAction","target":{"@type":"EntryPoint","urlTemplate":"https:\/\/www.autisme.com\/es\/?s={search_term_string}"},"query-input":{"@type":"PropertyValueSpecification","valueRequired":true,"valueName":"search_term_string"}}],"inLanguage":"es"},{"@type":"Person","@id":"https:\/\/www.autisme.com\/es\/#\/schema\/person\/068da86cb8b099939af2900fd1daf9a1","name":"autisme.com","image":{"@type":"ImageObject","inLanguage":"es","@id":"https:\/\/secure.gravatar.com\/avatar\/743ede46259318efc7b0b783aab3a074cfb77aceb9250f4924c6ea2f9ba8334d?s=96&d=mm&r=g","url":"https:\/\/secure.gravatar.com\/avatar\/743ede46259318efc7b0b783aab3a074cfb77aceb9250f4924c6ea2f9ba8334d?s=96&d=mm&r=g","contentUrl":"https:\/\/secure.gravatar.com\/avatar\/743ede46259318efc7b0b783aab3a074cfb77aceb9250f4924c6ea2f9ba8334d?s=96&d=mm&r=g","caption":"autisme.com"}}]}},"_links":{"self":[{"href":"https:\/\/www.autisme.com\/es\/wp-json\/wp\/v2\/posts\/52747","targetHints":{"allow":["GET"]}}],"collection":[{"href":"https:\/\/www.autisme.com\/es\/wp-json\/wp\/v2\/posts"}],"about":[{"href":"https:\/\/www.autisme.com\/es\/wp-json\/wp\/v2\/types\/post"}],"author":[{"embeddable":true,"href":"https:\/\/www.autisme.com\/es\/wp-json\/wp\/v2\/users\/1"}],"replies":[{"embeddable":true,"href":"https:\/\/www.autisme.com\/es\/wp-json\/wp\/v2\/comments?post=52747"}],"version-history":[{"count":0,"href":"https:\/\/www.autisme.com\/es\/wp-json\/wp\/v2\/posts\/52747\/revisions"}],"wp:featuredmedia":[{"embeddable":true,"href":"https:\/\/www.autisme.com\/es\/wp-json\/wp\/v2\/media\/52744"}],"wp:attachment":[{"href":"https:\/\/www.autisme.com\/es\/wp-json\/wp\/v2\/media?parent=52747"}],"wp:term":[{"taxonomy":"category","embeddable":true,"href":"https:\/\/www.autisme.com\/es\/wp-json\/wp\/v2\/categories?post=52747"},{"taxonomy":"post_tag","embeddable":true,"href":"https:\/\/www.autisme.com\/es\/wp-json\/wp\/v2\/tags?post=52747"}],"curies":[{"name":"wp","href":"https:\/\/api.w.org\/{rel}","templated":true}]}}