{"id":53821,"date":"2025-12-15T16:04:20","date_gmt":"2025-12-15T14:04:20","guid":{"rendered":"https:\/\/www.autisme.com\/implantacio-de-mesures-destalvi-energetic-a-les-installacions-dapafac\/"},"modified":"2026-03-09T16:14:44","modified_gmt":"2026-03-09T14:14:44","slug":"implantacion-de-medidas-de-ahorro-energetico-en-las-instalaciones-de-apafac","status":"publish","type":"post","link":"https:\/\/www.autisme.com\/es\/implantacion-de-medidas-de-ahorro-energetico-en-las-instalaciones-de-apafac\/","title":{"rendered":"Implantaci\u00f3n de medidas de ahorro energ\u00e9tico en las instalaciones de APAFAC"},"content":{"rendered":"<p><img loading=\"lazy\" decoding=\"async\" class=\"alignright wp-image-53818\" src=\"https:\/\/www.autisme.com\/wp-content\/uploads\/2026\/03\/Barrera-sanitaria-300x300.jpg\" alt=\"\" width=\"400\" height=\"400\" srcset=\"https:\/\/www.autisme.com\/wp-content\/uploads\/2026\/03\/Barrera-sanitaria-300x300.jpg 300w, https:\/\/www.autisme.com\/wp-content\/uploads\/2026\/03\/Barrera-sanitaria-1024x1024.jpg 1024w, https:\/\/www.autisme.com\/wp-content\/uploads\/2026\/03\/Barrera-sanitaria-150x150.jpg 150w, https:\/\/www.autisme.com\/wp-content\/uploads\/2026\/03\/Barrera-sanitaria-768x768.jpg 768w, https:\/\/www.autisme.com\/wp-content\/uploads\/2026\/03\/Barrera-sanitaria-1536x1536.jpg 1536w, https:\/\/www.autisme.com\/wp-content\/uploads\/2026\/03\/Barrera-sanitaria.jpg 1589w\" sizes=\"auto, (max-width: 400px) 100vw, 400px\" \/><\/p>\n<p>Los edificios ubicados en la Ronda del Carril 75, 83 y 85 son edificios modernistas. Estos edificios se caracterizan por tener una inercia energ\u00e9tica muy grande. Sin embargo, es necesario establecer medidas de ahorro energ\u00e9tico adicionales para minimizar al m\u00e1ximo el gasto energ\u00e9tico.<\/p>\n<p>Por este motivo, este a\u00f1o se han adaptado una serie de medidas para<\/p>\n<p>Dentro de estas medidas se ha contemplado la renovaci\u00f3n total de la lavander\u00eda ubicada en la Llar Cau Blanc para disminuir el consumo de agua y electricidad. Al mismo tiempo, se ha implantado una barrera sanitaria para adaptar la lavander\u00eda a las nuevas directrices de la comunidad europea.<\/p>\n<p>Este proyecto tiene la cofinanciaci\u00f3n del departamento de <a href=\"https:\/\/dretssocials.gencat.cat\/ca\/inici\" target=\"_blank\" rel=\"noopener\">Drets Socials i Inclusi\u00f3 de la Generalitat de Catalunya<\/a>.<\/p>\n","protected":false},"excerpt":{"rendered":"<p>Los edificios ubicados en la Ronda del Carril 75, 83 y 85 son edificios modernistas. Estos edificios se caracterizan por tener una inercia energ\u00e9tica muy grande. Sin embargo, es necesario establecer medidas de ahorro energ\u00e9tico adicionales para minimizar al m\u00e1ximo el gasto energ\u00e9tico. Por este motivo, este a\u00f1o se han adaptado una serie de medidas&hellip;<\/p>\n","protected":false},"author":1,"featured_media":53819,"comment_status":"closed","ping_status":"closed","sticky":false,"template":"","format":"standard","meta":{"footnotes":""},"categories":[22],"tags":[],"class_list":["post-53821","post","type-post","status-publish","format-standard","has-post-thumbnail","hentry","category-actualitat-2","category-22","description-off"],"yoast_head":"<!-- This site is optimized with the Yoast SEO plugin v27.4 - https:\/\/yoast.com\/product\/yoast-seo-wordpress\/ -->\n<title>Implantaci\u00f3n de medidas de ahorro energ\u00e9tico en las instalaciones de APAFAC - Autisme la Garriga<\/title>\n<meta name=\"robots\" content=\"index, follow, max-snippet:-1, max-image-preview:large, max-video-preview:-1\" \/>\n<link rel=\"canonical\" href=\"https:\/\/www.autisme.com\/es\/implantacion-de-medidas-de-ahorro-energetico-en-las-instalaciones-de-apafac\/\" \/>\n<meta property=\"og:locale\" content=\"es_ES\" \/>\n<meta property=\"og:type\" content=\"article\" \/>\n<meta property=\"og:title\" content=\"Implantaci\u00f3n de medidas de ahorro energ\u00e9tico en las instalaciones de APAFAC - Autisme la Garriga\" \/>\n<meta property=\"og:description\" content=\"Los edificios ubicados en la Ronda del Carril 75, 83 y 85 son edificios modernistas. Estos edificios se caracterizan por tener una inercia energ\u00e9tica muy grande. Sin embargo, es necesario establecer medidas de ahorro energ\u00e9tico adicionales para minimizar al m\u00e1ximo el gasto energ\u00e9tico. Por este motivo, este a\u00f1o se han adaptado una serie de medidas&hellip;\" \/>\n<meta property=\"og:url\" content=\"https:\/\/www.autisme.com\/es\/implantacion-de-medidas-de-ahorro-energetico-en-las-instalaciones-de-apafac\/\" \/>\n<meta property=\"og:site_name\" content=\"Autisme la Garriga\" \/>\n<meta property=\"article:published_time\" content=\"2025-12-15T14:04:20+00:00\" \/>\n<meta property=\"article:modified_time\" content=\"2026-03-09T14:14:44+00:00\" \/>\n<meta property=\"og:image\" content=\"https:\/\/www.autisme.com\/wp-content\/uploads\/2026\/03\/Barrera-sanitaria.jpg\" \/>\n\t<meta property=\"og:image:width\" content=\"1589\" \/>\n\t<meta property=\"og:image:height\" content=\"1589\" \/>\n\t<meta property=\"og:image:type\" content=\"image\/jpeg\" \/>\n<meta name=\"author\" content=\"autisme.com\" \/>\n<meta name=\"twitter:card\" content=\"summary_large_image\" \/>\n<meta name=\"twitter:label1\" content=\"Escrito por\" \/>\n\t<meta name=\"twitter:data1\" content=\"autisme.com\" \/>\n\t<meta name=\"twitter:label2\" content=\"Tiempo de lectura\" \/>\n\t<meta name=\"twitter:data2\" content=\"2 minutos\" \/>\n<script type=\"application\/ld+json\" class=\"yoast-schema-graph\">{\"@context\":\"https:\\\/\\\/schema.org\",\"@graph\":[{\"@type\":\"Article\",\"@id\":\"https:\\\/\\\/www.autisme.com\\\/es\\\/implantacion-de-medidas-de-ahorro-energetico-en-las-instalaciones-de-apafac\\\/#article\",\"isPartOf\":{\"@id\":\"https:\\\/\\\/www.autisme.com\\\/es\\\/implantacion-de-medidas-de-ahorro-energetico-en-las-instalaciones-de-apafac\\\/\"},\"author\":{\"name\":\"autisme.com\",\"@id\":\"https:\\\/\\\/www.autisme.com\\\/es\\\/#\\\/schema\\\/person\\\/068da86cb8b099939af2900fd1daf9a1\"},\"headline\":\"Implantaci\u00f3n de medidas de ahorro energ\u00e9tico en las instalaciones de APAFAC\",\"datePublished\":\"2025-12-15T14:04:20+00:00\",\"dateModified\":\"2026-03-09T14:14:44+00:00\",\"mainEntityOfPage\":{\"@id\":\"https:\\\/\\\/www.autisme.com\\\/es\\\/implantacion-de-medidas-de-ahorro-energetico-en-las-instalaciones-de-apafac\\\/\"},\"wordCount\":140,\"image\":{\"@id\":\"https:\\\/\\\/www.autisme.com\\\/es\\\/implantacion-de-medidas-de-ahorro-energetico-en-las-instalaciones-de-apafac\\\/#primaryimage\"},\"thumbnailUrl\":\"https:\\\/\\\/www.autisme.com\\\/wp-content\\\/uploads\\\/2026\\\/03\\\/Barrera-sanitaria.jpg\",\"articleSection\":[\"Actualitat\"],\"inLanguage\":\"es\"},{\"@type\":\"WebPage\",\"@id\":\"https:\\\/\\\/www.autisme.com\\\/es\\\/implantacion-de-medidas-de-ahorro-energetico-en-las-instalaciones-de-apafac\\\/\",\"url\":\"https:\\\/\\\/www.autisme.com\\\/es\\\/implantacion-de-medidas-de-ahorro-energetico-en-las-instalaciones-de-apafac\\\/\",\"name\":\"Implantaci\u00f3n de medidas de ahorro energ\u00e9tico en las instalaciones de APAFAC - Autisme la Garriga\",\"isPartOf\":{\"@id\":\"https:\\\/\\\/www.autisme.com\\\/es\\\/#website\"},\"primaryImageOfPage\":{\"@id\":\"https:\\\/\\\/www.autisme.com\\\/es\\\/implantacion-de-medidas-de-ahorro-energetico-en-las-instalaciones-de-apafac\\\/#primaryimage\"},\"image\":{\"@id\":\"https:\\\/\\\/www.autisme.com\\\/es\\\/implantacion-de-medidas-de-ahorro-energetico-en-las-instalaciones-de-apafac\\\/#primaryimage\"},\"thumbnailUrl\":\"https:\\\/\\\/www.autisme.com\\\/wp-content\\\/uploads\\\/2026\\\/03\\\/Barrera-sanitaria.jpg\",\"datePublished\":\"2025-12-15T14:04:20+00:00\",\"dateModified\":\"2026-03-09T14:14:44+00:00\",\"author\":{\"@id\":\"https:\\\/\\\/www.autisme.com\\\/es\\\/#\\\/schema\\\/person\\\/068da86cb8b099939af2900fd1daf9a1\"},\"breadcrumb\":{\"@id\":\"https:\\\/\\\/www.autisme.com\\\/es\\\/implantacion-de-medidas-de-ahorro-energetico-en-las-instalaciones-de-apafac\\\/#breadcrumb\"},\"inLanguage\":\"es\",\"potentialAction\":[{\"@type\":\"ReadAction\",\"target\":[\"https:\\\/\\\/www.autisme.com\\\/es\\\/implantacion-de-medidas-de-ahorro-energetico-en-las-instalaciones-de-apafac\\\/\"]}]},{\"@type\":\"ImageObject\",\"inLanguage\":\"es\",\"@id\":\"https:\\\/\\\/www.autisme.com\\\/es\\\/implantacion-de-medidas-de-ahorro-energetico-en-las-instalaciones-de-apafac\\\/#primaryimage\",\"url\":\"https:\\\/\\\/www.autisme.com\\\/wp-content\\\/uploads\\\/2026\\\/03\\\/Barrera-sanitaria.jpg\",\"contentUrl\":\"https:\\\/\\\/www.autisme.com\\\/wp-content\\\/uploads\\\/2026\\\/03\\\/Barrera-sanitaria.jpg\",\"width\":1589,\"height\":1589},{\"@type\":\"BreadcrumbList\",\"@id\":\"https:\\\/\\\/www.autisme.com\\\/es\\\/implantacion-de-medidas-de-ahorro-energetico-en-las-instalaciones-de-apafac\\\/#breadcrumb\",\"itemListElement\":[{\"@type\":\"ListItem\",\"position\":1,\"name\":\"Inici\",\"item\":\"https:\\\/\\\/www.autisme.com\\\/es\\\/\"},{\"@type\":\"ListItem\",\"position\":2,\"name\":\"Implantaci\u00f3n de medidas de ahorro energ\u00e9tico en las instalaciones de APAFAC\"}]},{\"@type\":\"WebSite\",\"@id\":\"https:\\\/\\\/www.autisme.com\\\/es\\\/#website\",\"url\":\"https:\\\/\\\/www.autisme.com\\\/es\\\/\",\"name\":\"Autisme la Garriga\",\"description\":\"\",\"potentialAction\":[{\"@type\":\"SearchAction\",\"target\":{\"@type\":\"EntryPoint\",\"urlTemplate\":\"https:\\\/\\\/www.autisme.com\\\/es\\\/?s={search_term_string}\"},\"query-input\":{\"@type\":\"PropertyValueSpecification\",\"valueRequired\":true,\"valueName\":\"search_term_string\"}}],\"inLanguage\":\"es\"},{\"@type\":\"Person\",\"@id\":\"https:\\\/\\\/www.autisme.com\\\/es\\\/#\\\/schema\\\/person\\\/068da86cb8b099939af2900fd1daf9a1\",\"name\":\"autisme.com\",\"image\":{\"@type\":\"ImageObject\",\"inLanguage\":\"es\",\"@id\":\"https:\\\/\\\/secure.gravatar.com\\\/avatar\\\/743ede46259318efc7b0b783aab3a074cfb77aceb9250f4924c6ea2f9ba8334d?s=96&d=mm&r=g\",\"url\":\"https:\\\/\\\/secure.gravatar.com\\\/avatar\\\/743ede46259318efc7b0b783aab3a074cfb77aceb9250f4924c6ea2f9ba8334d?s=96&d=mm&r=g\",\"contentUrl\":\"https:\\\/\\\/secure.gravatar.com\\\/avatar\\\/743ede46259318efc7b0b783aab3a074cfb77aceb9250f4924c6ea2f9ba8334d?s=96&d=mm&r=g\",\"caption\":\"autisme.com\"}}]}<\/script>\n<!-- \/ Yoast SEO plugin. -->","yoast_head_json":{"title":"Implantaci\u00f3n de medidas de ahorro energ\u00e9tico en las instalaciones de APAFAC - Autisme la Garriga","robots":{"index":"index","follow":"follow","max-snippet":"max-snippet:-1","max-image-preview":"max-image-preview:large","max-video-preview":"max-video-preview:-1"},"canonical":"https:\/\/www.autisme.com\/es\/implantacion-de-medidas-de-ahorro-energetico-en-las-instalaciones-de-apafac\/","og_locale":"es_ES","og_type":"article","og_title":"Implantaci\u00f3n de medidas de ahorro energ\u00e9tico en las instalaciones de APAFAC - Autisme la Garriga","og_description":"Los edificios ubicados en la Ronda del Carril 75, 83 y 85 son edificios modernistas. Estos edificios se caracterizan por tener una inercia energ\u00e9tica muy grande. Sin embargo, es necesario establecer medidas de ahorro energ\u00e9tico adicionales para minimizar al m\u00e1ximo el gasto energ\u00e9tico. Por este motivo, este a\u00f1o se han adaptado una serie de medidas&hellip;","og_url":"https:\/\/www.autisme.com\/es\/implantacion-de-medidas-de-ahorro-energetico-en-las-instalaciones-de-apafac\/","og_site_name":"Autisme la Garriga","article_published_time":"2025-12-15T14:04:20+00:00","article_modified_time":"2026-03-09T14:14:44+00:00","og_image":[{"width":1589,"height":1589,"url":"https:\/\/www.autisme.com\/wp-content\/uploads\/2026\/03\/Barrera-sanitaria.jpg","type":"image\/jpeg"}],"author":"autisme.com","twitter_card":"summary_large_image","twitter_misc":{"Escrito por":"autisme.com","Tiempo de lectura":"2 minutos"},"schema":{"@context":"https:\/\/schema.org","@graph":[{"@type":"Article","@id":"https:\/\/www.autisme.com\/es\/implantacion-de-medidas-de-ahorro-energetico-en-las-instalaciones-de-apafac\/#article","isPartOf":{"@id":"https:\/\/www.autisme.com\/es\/implantacion-de-medidas-de-ahorro-energetico-en-las-instalaciones-de-apafac\/"},"author":{"name":"autisme.com","@id":"https:\/\/www.autisme.com\/es\/#\/schema\/person\/068da86cb8b099939af2900fd1daf9a1"},"headline":"Implantaci\u00f3n de medidas de ahorro energ\u00e9tico en las instalaciones de APAFAC","datePublished":"2025-12-15T14:04:20+00:00","dateModified":"2026-03-09T14:14:44+00:00","mainEntityOfPage":{"@id":"https:\/\/www.autisme.com\/es\/implantacion-de-medidas-de-ahorro-energetico-en-las-instalaciones-de-apafac\/"},"wordCount":140,"image":{"@id":"https:\/\/www.autisme.com\/es\/implantacion-de-medidas-de-ahorro-energetico-en-las-instalaciones-de-apafac\/#primaryimage"},"thumbnailUrl":"https:\/\/www.autisme.com\/wp-content\/uploads\/2026\/03\/Barrera-sanitaria.jpg","articleSection":["Actualitat"],"inLanguage":"es"},{"@type":"WebPage","@id":"https:\/\/www.autisme.com\/es\/implantacion-de-medidas-de-ahorro-energetico-en-las-instalaciones-de-apafac\/","url":"https:\/\/www.autisme.com\/es\/implantacion-de-medidas-de-ahorro-energetico-en-las-instalaciones-de-apafac\/","name":"Implantaci\u00f3n de medidas de ahorro energ\u00e9tico en las instalaciones de APAFAC - Autisme la Garriga","isPartOf":{"@id":"https:\/\/www.autisme.com\/es\/#website"},"primaryImageOfPage":{"@id":"https:\/\/www.autisme.com\/es\/implantacion-de-medidas-de-ahorro-energetico-en-las-instalaciones-de-apafac\/#primaryimage"},"image":{"@id":"https:\/\/www.autisme.com\/es\/implantacion-de-medidas-de-ahorro-energetico-en-las-instalaciones-de-apafac\/#primaryimage"},"thumbnailUrl":"https:\/\/www.autisme.com\/wp-content\/uploads\/2026\/03\/Barrera-sanitaria.jpg","datePublished":"2025-12-15T14:04:20+00:00","dateModified":"2026-03-09T14:14:44+00:00","author":{"@id":"https:\/\/www.autisme.com\/es\/#\/schema\/person\/068da86cb8b099939af2900fd1daf9a1"},"breadcrumb":{"@id":"https:\/\/www.autisme.com\/es\/implantacion-de-medidas-de-ahorro-energetico-en-las-instalaciones-de-apafac\/#breadcrumb"},"inLanguage":"es","potentialAction":[{"@type":"ReadAction","target":["https:\/\/www.autisme.com\/es\/implantacion-de-medidas-de-ahorro-energetico-en-las-instalaciones-de-apafac\/"]}]},{"@type":"ImageObject","inLanguage":"es","@id":"https:\/\/www.autisme.com\/es\/implantacion-de-medidas-de-ahorro-energetico-en-las-instalaciones-de-apafac\/#primaryimage","url":"https:\/\/www.autisme.com\/wp-content\/uploads\/2026\/03\/Barrera-sanitaria.jpg","contentUrl":"https:\/\/www.autisme.com\/wp-content\/uploads\/2026\/03\/Barrera-sanitaria.jpg","width":1589,"height":1589},{"@type":"BreadcrumbList","@id":"https:\/\/www.autisme.com\/es\/implantacion-de-medidas-de-ahorro-energetico-en-las-instalaciones-de-apafac\/#breadcrumb","itemListElement":[{"@type":"ListItem","position":1,"name":"Inici","item":"https:\/\/www.autisme.com\/es\/"},{"@type":"ListItem","position":2,"name":"Implantaci\u00f3n de medidas de ahorro energ\u00e9tico en las instalaciones de APAFAC"}]},{"@type":"WebSite","@id":"https:\/\/www.autisme.com\/es\/#website","url":"https:\/\/www.autisme.com\/es\/","name":"Autisme la Garriga","description":"","potentialAction":[{"@type":"SearchAction","target":{"@type":"EntryPoint","urlTemplate":"https:\/\/www.autisme.com\/es\/?s={search_term_string}"},"query-input":{"@type":"PropertyValueSpecification","valueRequired":true,"valueName":"search_term_string"}}],"inLanguage":"es"},{"@type":"Person","@id":"https:\/\/www.autisme.com\/es\/#\/schema\/person\/068da86cb8b099939af2900fd1daf9a1","name":"autisme.com","image":{"@type":"ImageObject","inLanguage":"es","@id":"https:\/\/secure.gravatar.com\/avatar\/743ede46259318efc7b0b783aab3a074cfb77aceb9250f4924c6ea2f9ba8334d?s=96&d=mm&r=g","url":"https:\/\/secure.gravatar.com\/avatar\/743ede46259318efc7b0b783aab3a074cfb77aceb9250f4924c6ea2f9ba8334d?s=96&d=mm&r=g","contentUrl":"https:\/\/secure.gravatar.com\/avatar\/743ede46259318efc7b0b783aab3a074cfb77aceb9250f4924c6ea2f9ba8334d?s=96&d=mm&r=g","caption":"autisme.com"}}]}},"_links":{"self":[{"href":"https:\/\/www.autisme.com\/es\/wp-json\/wp\/v2\/posts\/53821","targetHints":{"allow":["GET"]}}],"collection":[{"href":"https:\/\/www.autisme.com\/es\/wp-json\/wp\/v2\/posts"}],"about":[{"href":"https:\/\/www.autisme.com\/es\/wp-json\/wp\/v2\/types\/post"}],"author":[{"embeddable":true,"href":"https:\/\/www.autisme.com\/es\/wp-json\/wp\/v2\/users\/1"}],"replies":[{"embeddable":true,"href":"https:\/\/www.autisme.com\/es\/wp-json\/wp\/v2\/comments?post=53821"}],"version-history":[{"count":0,"href":"https:\/\/www.autisme.com\/es\/wp-json\/wp\/v2\/posts\/53821\/revisions"}],"wp:featuredmedia":[{"embeddable":true,"href":"https:\/\/www.autisme.com\/es\/wp-json\/wp\/v2\/media\/53819"}],"wp:attachment":[{"href":"https:\/\/www.autisme.com\/es\/wp-json\/wp\/v2\/media?parent=53821"}],"wp:term":[{"taxonomy":"category","embeddable":true,"href":"https:\/\/www.autisme.com\/es\/wp-json\/wp\/v2\/categories?post=53821"},{"taxonomy":"post_tag","embeddable":true,"href":"https:\/\/www.autisme.com\/es\/wp-json\/wp\/v2\/tags?post=53821"}],"curies":[{"name":"wp","href":"https:\/\/api.w.org\/{rel}","templated":true}]}}