{"id":53828,"date":"2025-12-09T16:22:37","date_gmt":"2025-12-09T14:22:37","guid":{"rendered":"https:\/\/www.autisme.com\/millora-despais-i-itineraris-per-accessibilitat-de-les-persones-amb-tea-i-mobilitat-reduida\/"},"modified":"2026-03-09T16:36:19","modified_gmt":"2026-03-09T14:36:19","slug":"millora-despais-i-itineraris-per-accessibilitat-de-les-persones-amb-tea-i-mobilitat-reduida","status":"publish","type":"post","link":"https:\/\/www.autisme.com\/es\/millora-despais-i-itineraris-per-accessibilitat-de-les-persones-amb-tea-i-mobilitat-reduida\/","title":{"rendered":"Millora d&#8217;espais i itineraris per accessibilitat de les persones amb TEA i mobilitat redu\u00efda"},"content":{"rendered":"<p><img loading=\"lazy\" decoding=\"async\" class=\"alignright wp-image-53825\" src=\"https:\/\/www.autisme.com\/wp-content\/uploads\/2026\/03\/2n-Cottet-300x300.jpg\" alt=\"\" width=\"400\" height=\"400\" srcset=\"https:\/\/www.autisme.com\/wp-content\/uploads\/2026\/03\/2n-Cottet-300x300.jpg 300w, https:\/\/www.autisme.com\/wp-content\/uploads\/2026\/03\/2n-Cottet-1024x1024.jpg 1024w, https:\/\/www.autisme.com\/wp-content\/uploads\/2026\/03\/2n-Cottet-150x150.jpg 150w, https:\/\/www.autisme.com\/wp-content\/uploads\/2026\/03\/2n-Cottet-768x768.jpg 768w, https:\/\/www.autisme.com\/wp-content\/uploads\/2026\/03\/2n-Cottet-1536x1536.jpg 1536w, https:\/\/www.autisme.com\/wp-content\/uploads\/2026\/03\/2n-Cottet-2048x2048.jpg 2048w\" sizes=\"auto, (max-width: 400px) 100vw, 400px\" \/><\/p>\n<p>El edificio conocido como Llar Cottet es un edificio de estilo modernista construido en 1906 por el arquitecto Emili Sala i Cort\u00e9s que actualmente acoge un hogar residencia para personas con autismo gravemente afectadas.<\/p>\n<p>Durante estos m\u00e1s de 100 a\u00f1os de historia se han realizado todo tipo de mejoras y adaptaciones en el interior del edificio para que pueda ser utilizado como residencia para personas con autismo gravemente afectadas.<\/p>\n<p>Sin embargo, algunas de las personas con autismo que utilizan esta residencia ya presentan serias dificultades en su movilidad. Por este motivo, ha sido necesario adaptarlo, como diferentes duchas para que puedan ser utilizadas con literas.<\/p>\n<p>Este proyecto tiene la cofinanciaci\u00f3n del departamento de <a href=\"https:\/\/dretssocials.gencat.cat\/ca\/inici\" target=\"_blank\" rel=\"noopener\">Drets Socials i Inclusi\u00f3 de la Generalitat de Catalunya<\/a>.<\/p>\n","protected":false},"excerpt":{"rendered":"<p>El edificio conocido como Llar Cottet es un edificio de estilo modernista construido en 1906 por el arquitecto Emili Sala i Cort\u00e9s que actualmente acoge un hogar residencia para personas con autismo gravemente afectadas. Durante estos m\u00e1s de 100 a\u00f1os de historia se han realizado todo tipo de mejoras y adaptaciones en el interior del&hellip;<\/p>\n","protected":false},"author":1,"featured_media":53826,"comment_status":"closed","ping_status":"closed","sticky":false,"template":"","format":"standard","meta":{"footnotes":""},"categories":[22],"tags":[],"class_list":["post-53828","post","type-post","status-publish","format-standard","has-post-thumbnail","hentry","category-actualitat-2","category-22","description-off"],"yoast_head":"<!-- This site is optimized with the Yoast SEO plugin v27.4 - https:\/\/yoast.com\/product\/yoast-seo-wordpress\/ -->\n<title>Millora d&#039;espais i itineraris per accessibilitat de les persones amb TEA i mobilitat redu\u00efda - Autisme la Garriga<\/title>\n<meta name=\"robots\" content=\"index, follow, max-snippet:-1, max-image-preview:large, max-video-preview:-1\" \/>\n<link rel=\"canonical\" href=\"https:\/\/www.autisme.com\/es\/millora-despais-i-itineraris-per-accessibilitat-de-les-persones-amb-tea-i-mobilitat-reduida\/\" \/>\n<meta property=\"og:locale\" content=\"es_ES\" \/>\n<meta property=\"og:type\" content=\"article\" \/>\n<meta property=\"og:title\" content=\"Millora d&#039;espais i itineraris per accessibilitat de les persones amb TEA i mobilitat redu\u00efda - Autisme la Garriga\" \/>\n<meta property=\"og:description\" content=\"El edificio conocido como Llar Cottet es un edificio de estilo modernista construido en 1906 por el arquitecto Emili Sala i Cort\u00e9s que actualmente acoge un hogar residencia para personas con autismo gravemente afectadas. Durante estos m\u00e1s de 100 a\u00f1os de historia se han realizado todo tipo de mejoras y adaptaciones en el interior del&hellip;\" \/>\n<meta property=\"og:url\" content=\"https:\/\/www.autisme.com\/es\/millora-despais-i-itineraris-per-accessibilitat-de-les-persones-amb-tea-i-mobilitat-reduida\/\" \/>\n<meta property=\"og:site_name\" content=\"Autisme la Garriga\" \/>\n<meta property=\"article:published_time\" content=\"2025-12-09T14:22:37+00:00\" \/>\n<meta property=\"article:modified_time\" content=\"2026-03-09T14:36:19+00:00\" \/>\n<meta property=\"og:image\" content=\"https:\/\/www.autisme.com\/wp-content\/uploads\/2026\/03\/2n-Cottet.jpg\" \/>\n\t<meta property=\"og:image:width\" content=\"2252\" \/>\n\t<meta property=\"og:image:height\" content=\"2252\" \/>\n\t<meta property=\"og:image:type\" content=\"image\/jpeg\" \/>\n<meta name=\"author\" content=\"autisme.com\" \/>\n<meta name=\"twitter:card\" content=\"summary_large_image\" \/>\n<meta name=\"twitter:label1\" content=\"Escrito por\" \/>\n\t<meta name=\"twitter:data1\" content=\"autisme.com\" \/>\n\t<meta name=\"twitter:label2\" content=\"Tiempo de lectura\" \/>\n\t<meta name=\"twitter:data2\" content=\"2 minutos\" \/>\n<script type=\"application\/ld+json\" class=\"yoast-schema-graph\">{\"@context\":\"https:\\\/\\\/schema.org\",\"@graph\":[{\"@type\":\"Article\",\"@id\":\"https:\\\/\\\/www.autisme.com\\\/es\\\/millora-despais-i-itineraris-per-accessibilitat-de-les-persones-amb-tea-i-mobilitat-reduida\\\/#article\",\"isPartOf\":{\"@id\":\"https:\\\/\\\/www.autisme.com\\\/es\\\/millora-despais-i-itineraris-per-accessibilitat-de-les-persones-amb-tea-i-mobilitat-reduida\\\/\"},\"author\":{\"name\":\"autisme.com\",\"@id\":\"https:\\\/\\\/www.autisme.com\\\/es\\\/#\\\/schema\\\/person\\\/068da86cb8b099939af2900fd1daf9a1\"},\"headline\":\"Millora d&#8217;espais i itineraris per accessibilitat de les persones amb TEA i mobilitat redu\u00efda\",\"datePublished\":\"2025-12-09T14:22:37+00:00\",\"dateModified\":\"2026-03-09T14:36:19+00:00\",\"mainEntityOfPage\":{\"@id\":\"https:\\\/\\\/www.autisme.com\\\/es\\\/millora-despais-i-itineraris-per-accessibilitat-de-les-persones-amb-tea-i-mobilitat-reduida\\\/\"},\"wordCount\":140,\"image\":{\"@id\":\"https:\\\/\\\/www.autisme.com\\\/es\\\/millora-despais-i-itineraris-per-accessibilitat-de-les-persones-amb-tea-i-mobilitat-reduida\\\/#primaryimage\"},\"thumbnailUrl\":\"https:\\\/\\\/www.autisme.com\\\/wp-content\\\/uploads\\\/2026\\\/03\\\/2n-Cottet.jpg\",\"articleSection\":[\"Actualitat\"],\"inLanguage\":\"es\"},{\"@type\":\"WebPage\",\"@id\":\"https:\\\/\\\/www.autisme.com\\\/es\\\/millora-despais-i-itineraris-per-accessibilitat-de-les-persones-amb-tea-i-mobilitat-reduida\\\/\",\"url\":\"https:\\\/\\\/www.autisme.com\\\/es\\\/millora-despais-i-itineraris-per-accessibilitat-de-les-persones-amb-tea-i-mobilitat-reduida\\\/\",\"name\":\"Millora d'espais i itineraris per accessibilitat de les persones amb TEA i mobilitat redu\u00efda - Autisme la Garriga\",\"isPartOf\":{\"@id\":\"https:\\\/\\\/www.autisme.com\\\/es\\\/#website\"},\"primaryImageOfPage\":{\"@id\":\"https:\\\/\\\/www.autisme.com\\\/es\\\/millora-despais-i-itineraris-per-accessibilitat-de-les-persones-amb-tea-i-mobilitat-reduida\\\/#primaryimage\"},\"image\":{\"@id\":\"https:\\\/\\\/www.autisme.com\\\/es\\\/millora-despais-i-itineraris-per-accessibilitat-de-les-persones-amb-tea-i-mobilitat-reduida\\\/#primaryimage\"},\"thumbnailUrl\":\"https:\\\/\\\/www.autisme.com\\\/wp-content\\\/uploads\\\/2026\\\/03\\\/2n-Cottet.jpg\",\"datePublished\":\"2025-12-09T14:22:37+00:00\",\"dateModified\":\"2026-03-09T14:36:19+00:00\",\"author\":{\"@id\":\"https:\\\/\\\/www.autisme.com\\\/es\\\/#\\\/schema\\\/person\\\/068da86cb8b099939af2900fd1daf9a1\"},\"breadcrumb\":{\"@id\":\"https:\\\/\\\/www.autisme.com\\\/es\\\/millora-despais-i-itineraris-per-accessibilitat-de-les-persones-amb-tea-i-mobilitat-reduida\\\/#breadcrumb\"},\"inLanguage\":\"es\",\"potentialAction\":[{\"@type\":\"ReadAction\",\"target\":[\"https:\\\/\\\/www.autisme.com\\\/es\\\/millora-despais-i-itineraris-per-accessibilitat-de-les-persones-amb-tea-i-mobilitat-reduida\\\/\"]}]},{\"@type\":\"ImageObject\",\"inLanguage\":\"es\",\"@id\":\"https:\\\/\\\/www.autisme.com\\\/es\\\/millora-despais-i-itineraris-per-accessibilitat-de-les-persones-amb-tea-i-mobilitat-reduida\\\/#primaryimage\",\"url\":\"https:\\\/\\\/www.autisme.com\\\/wp-content\\\/uploads\\\/2026\\\/03\\\/2n-Cottet.jpg\",\"contentUrl\":\"https:\\\/\\\/www.autisme.com\\\/wp-content\\\/uploads\\\/2026\\\/03\\\/2n-Cottet.jpg\",\"width\":2252,\"height\":2252},{\"@type\":\"BreadcrumbList\",\"@id\":\"https:\\\/\\\/www.autisme.com\\\/es\\\/millora-despais-i-itineraris-per-accessibilitat-de-les-persones-amb-tea-i-mobilitat-reduida\\\/#breadcrumb\",\"itemListElement\":[{\"@type\":\"ListItem\",\"position\":1,\"name\":\"Inici\",\"item\":\"https:\\\/\\\/www.autisme.com\\\/es\\\/\"},{\"@type\":\"ListItem\",\"position\":2,\"name\":\"Millora d&#8217;espais i itineraris per accessibilitat de les persones amb TEA i mobilitat redu\u00efda\"}]},{\"@type\":\"WebSite\",\"@id\":\"https:\\\/\\\/www.autisme.com\\\/es\\\/#website\",\"url\":\"https:\\\/\\\/www.autisme.com\\\/es\\\/\",\"name\":\"Autisme la Garriga\",\"description\":\"\",\"potentialAction\":[{\"@type\":\"SearchAction\",\"target\":{\"@type\":\"EntryPoint\",\"urlTemplate\":\"https:\\\/\\\/www.autisme.com\\\/es\\\/?s={search_term_string}\"},\"query-input\":{\"@type\":\"PropertyValueSpecification\",\"valueRequired\":true,\"valueName\":\"search_term_string\"}}],\"inLanguage\":\"es\"},{\"@type\":\"Person\",\"@id\":\"https:\\\/\\\/www.autisme.com\\\/es\\\/#\\\/schema\\\/person\\\/068da86cb8b099939af2900fd1daf9a1\",\"name\":\"autisme.com\",\"image\":{\"@type\":\"ImageObject\",\"inLanguage\":\"es\",\"@id\":\"https:\\\/\\\/secure.gravatar.com\\\/avatar\\\/743ede46259318efc7b0b783aab3a074cfb77aceb9250f4924c6ea2f9ba8334d?s=96&d=mm&r=g\",\"url\":\"https:\\\/\\\/secure.gravatar.com\\\/avatar\\\/743ede46259318efc7b0b783aab3a074cfb77aceb9250f4924c6ea2f9ba8334d?s=96&d=mm&r=g\",\"contentUrl\":\"https:\\\/\\\/secure.gravatar.com\\\/avatar\\\/743ede46259318efc7b0b783aab3a074cfb77aceb9250f4924c6ea2f9ba8334d?s=96&d=mm&r=g\",\"caption\":\"autisme.com\"}}]}<\/script>\n<!-- \/ Yoast SEO plugin. -->","yoast_head_json":{"title":"Millora d'espais i itineraris per accessibilitat de les persones amb TEA i mobilitat redu\u00efda - Autisme la Garriga","robots":{"index":"index","follow":"follow","max-snippet":"max-snippet:-1","max-image-preview":"max-image-preview:large","max-video-preview":"max-video-preview:-1"},"canonical":"https:\/\/www.autisme.com\/es\/millora-despais-i-itineraris-per-accessibilitat-de-les-persones-amb-tea-i-mobilitat-reduida\/","og_locale":"es_ES","og_type":"article","og_title":"Millora d'espais i itineraris per accessibilitat de les persones amb TEA i mobilitat redu\u00efda - Autisme la Garriga","og_description":"El edificio conocido como Llar Cottet es un edificio de estilo modernista construido en 1906 por el arquitecto Emili Sala i Cort\u00e9s que actualmente acoge un hogar residencia para personas con autismo gravemente afectadas. Durante estos m\u00e1s de 100 a\u00f1os de historia se han realizado todo tipo de mejoras y adaptaciones en el interior del&hellip;","og_url":"https:\/\/www.autisme.com\/es\/millora-despais-i-itineraris-per-accessibilitat-de-les-persones-amb-tea-i-mobilitat-reduida\/","og_site_name":"Autisme la Garriga","article_published_time":"2025-12-09T14:22:37+00:00","article_modified_time":"2026-03-09T14:36:19+00:00","og_image":[{"width":2252,"height":2252,"url":"https:\/\/www.autisme.com\/wp-content\/uploads\/2026\/03\/2n-Cottet.jpg","type":"image\/jpeg"}],"author":"autisme.com","twitter_card":"summary_large_image","twitter_misc":{"Escrito por":"autisme.com","Tiempo de lectura":"2 minutos"},"schema":{"@context":"https:\/\/schema.org","@graph":[{"@type":"Article","@id":"https:\/\/www.autisme.com\/es\/millora-despais-i-itineraris-per-accessibilitat-de-les-persones-amb-tea-i-mobilitat-reduida\/#article","isPartOf":{"@id":"https:\/\/www.autisme.com\/es\/millora-despais-i-itineraris-per-accessibilitat-de-les-persones-amb-tea-i-mobilitat-reduida\/"},"author":{"name":"autisme.com","@id":"https:\/\/www.autisme.com\/es\/#\/schema\/person\/068da86cb8b099939af2900fd1daf9a1"},"headline":"Millora d&#8217;espais i itineraris per accessibilitat de les persones amb TEA i mobilitat redu\u00efda","datePublished":"2025-12-09T14:22:37+00:00","dateModified":"2026-03-09T14:36:19+00:00","mainEntityOfPage":{"@id":"https:\/\/www.autisme.com\/es\/millora-despais-i-itineraris-per-accessibilitat-de-les-persones-amb-tea-i-mobilitat-reduida\/"},"wordCount":140,"image":{"@id":"https:\/\/www.autisme.com\/es\/millora-despais-i-itineraris-per-accessibilitat-de-les-persones-amb-tea-i-mobilitat-reduida\/#primaryimage"},"thumbnailUrl":"https:\/\/www.autisme.com\/wp-content\/uploads\/2026\/03\/2n-Cottet.jpg","articleSection":["Actualitat"],"inLanguage":"es"},{"@type":"WebPage","@id":"https:\/\/www.autisme.com\/es\/millora-despais-i-itineraris-per-accessibilitat-de-les-persones-amb-tea-i-mobilitat-reduida\/","url":"https:\/\/www.autisme.com\/es\/millora-despais-i-itineraris-per-accessibilitat-de-les-persones-amb-tea-i-mobilitat-reduida\/","name":"Millora d'espais i itineraris per accessibilitat de les persones amb TEA i mobilitat redu\u00efda - Autisme la Garriga","isPartOf":{"@id":"https:\/\/www.autisme.com\/es\/#website"},"primaryImageOfPage":{"@id":"https:\/\/www.autisme.com\/es\/millora-despais-i-itineraris-per-accessibilitat-de-les-persones-amb-tea-i-mobilitat-reduida\/#primaryimage"},"image":{"@id":"https:\/\/www.autisme.com\/es\/millora-despais-i-itineraris-per-accessibilitat-de-les-persones-amb-tea-i-mobilitat-reduida\/#primaryimage"},"thumbnailUrl":"https:\/\/www.autisme.com\/wp-content\/uploads\/2026\/03\/2n-Cottet.jpg","datePublished":"2025-12-09T14:22:37+00:00","dateModified":"2026-03-09T14:36:19+00:00","author":{"@id":"https:\/\/www.autisme.com\/es\/#\/schema\/person\/068da86cb8b099939af2900fd1daf9a1"},"breadcrumb":{"@id":"https:\/\/www.autisme.com\/es\/millora-despais-i-itineraris-per-accessibilitat-de-les-persones-amb-tea-i-mobilitat-reduida\/#breadcrumb"},"inLanguage":"es","potentialAction":[{"@type":"ReadAction","target":["https:\/\/www.autisme.com\/es\/millora-despais-i-itineraris-per-accessibilitat-de-les-persones-amb-tea-i-mobilitat-reduida\/"]}]},{"@type":"ImageObject","inLanguage":"es","@id":"https:\/\/www.autisme.com\/es\/millora-despais-i-itineraris-per-accessibilitat-de-les-persones-amb-tea-i-mobilitat-reduida\/#primaryimage","url":"https:\/\/www.autisme.com\/wp-content\/uploads\/2026\/03\/2n-Cottet.jpg","contentUrl":"https:\/\/www.autisme.com\/wp-content\/uploads\/2026\/03\/2n-Cottet.jpg","width":2252,"height":2252},{"@type":"BreadcrumbList","@id":"https:\/\/www.autisme.com\/es\/millora-despais-i-itineraris-per-accessibilitat-de-les-persones-amb-tea-i-mobilitat-reduida\/#breadcrumb","itemListElement":[{"@type":"ListItem","position":1,"name":"Inici","item":"https:\/\/www.autisme.com\/es\/"},{"@type":"ListItem","position":2,"name":"Millora d&#8217;espais i itineraris per accessibilitat de les persones amb TEA i mobilitat redu\u00efda"}]},{"@type":"WebSite","@id":"https:\/\/www.autisme.com\/es\/#website","url":"https:\/\/www.autisme.com\/es\/","name":"Autisme la Garriga","description":"","potentialAction":[{"@type":"SearchAction","target":{"@type":"EntryPoint","urlTemplate":"https:\/\/www.autisme.com\/es\/?s={search_term_string}"},"query-input":{"@type":"PropertyValueSpecification","valueRequired":true,"valueName":"search_term_string"}}],"inLanguage":"es"},{"@type":"Person","@id":"https:\/\/www.autisme.com\/es\/#\/schema\/person\/068da86cb8b099939af2900fd1daf9a1","name":"autisme.com","image":{"@type":"ImageObject","inLanguage":"es","@id":"https:\/\/secure.gravatar.com\/avatar\/743ede46259318efc7b0b783aab3a074cfb77aceb9250f4924c6ea2f9ba8334d?s=96&d=mm&r=g","url":"https:\/\/secure.gravatar.com\/avatar\/743ede46259318efc7b0b783aab3a074cfb77aceb9250f4924c6ea2f9ba8334d?s=96&d=mm&r=g","contentUrl":"https:\/\/secure.gravatar.com\/avatar\/743ede46259318efc7b0b783aab3a074cfb77aceb9250f4924c6ea2f9ba8334d?s=96&d=mm&r=g","caption":"autisme.com"}}]}},"_links":{"self":[{"href":"https:\/\/www.autisme.com\/es\/wp-json\/wp\/v2\/posts\/53828","targetHints":{"allow":["GET"]}}],"collection":[{"href":"https:\/\/www.autisme.com\/es\/wp-json\/wp\/v2\/posts"}],"about":[{"href":"https:\/\/www.autisme.com\/es\/wp-json\/wp\/v2\/types\/post"}],"author":[{"embeddable":true,"href":"https:\/\/www.autisme.com\/es\/wp-json\/wp\/v2\/users\/1"}],"replies":[{"embeddable":true,"href":"https:\/\/www.autisme.com\/es\/wp-json\/wp\/v2\/comments?post=53828"}],"version-history":[{"count":0,"href":"https:\/\/www.autisme.com\/es\/wp-json\/wp\/v2\/posts\/53828\/revisions"}],"wp:featuredmedia":[{"embeddable":true,"href":"https:\/\/www.autisme.com\/es\/wp-json\/wp\/v2\/media\/53826"}],"wp:attachment":[{"href":"https:\/\/www.autisme.com\/es\/wp-json\/wp\/v2\/media?parent=53828"}],"wp:term":[{"taxonomy":"category","embeddable":true,"href":"https:\/\/www.autisme.com\/es\/wp-json\/wp\/v2\/categories?post=53828"},{"taxonomy":"post_tag","embeddable":true,"href":"https:\/\/www.autisme.com\/es\/wp-json\/wp\/v2\/tags?post=53828"}],"curies":[{"name":"wp","href":"https:\/\/api.w.org\/{rel}","templated":true}]}}