{"id":53922,"date":"2026-04-15T09:27:07","date_gmt":"2026-04-15T07:27:07","guid":{"rendered":"https:\/\/www.autisme.com\/ritmes-i-somriures-2\/"},"modified":"2026-04-28T12:33:02","modified_gmt":"2026-04-28T10:33:02","slug":"ritmos-i-sonrisas","status":"publish","type":"post","link":"https:\/\/www.autisme.com\/es\/ritmos-i-sonrisas\/","title":{"rendered":"Ritmes i somriures"},"content":{"rendered":"<p><em><img loading=\"lazy\" decoding=\"async\" class=\"alignright wp-image-53917\" src=\"https:\/\/www.autisme.com\/wp-content\/uploads\/2026\/04\/Sortida-ritmes-i-somriures-1-300x300.jpg\" alt=\"\" width=\"400\" height=\"400\" srcset=\"https:\/\/www.autisme.com\/wp-content\/uploads\/2026\/04\/Sortida-ritmes-i-somriures-1-300x300.jpg 300w, https:\/\/www.autisme.com\/wp-content\/uploads\/2026\/04\/Sortida-ritmes-i-somriures-1-1024x1024.jpg 1024w, https:\/\/www.autisme.com\/wp-content\/uploads\/2026\/04\/Sortida-ritmes-i-somriures-1-150x150.jpg 150w, https:\/\/www.autisme.com\/wp-content\/uploads\/2026\/04\/Sortida-ritmes-i-somriures-1-768x768.jpg 768w, https:\/\/www.autisme.com\/wp-content\/uploads\/2026\/04\/Sortida-ritmes-i-somriures-1-1536x1536.jpg 1536w, https:\/\/www.autisme.com\/wp-content\/uploads\/2026\/04\/Sortida-ritmes-i-somriures-1-2048x2048.jpg 2048w\" sizes=\"auto, (max-width: 400px) 100vw, 400px\" \/><\/em><\/p>\n<p><em>El 9 de abril logramos nuestro reto: completar 35 km, que simbolizan la distancia entre nuestros or\u00edgenes, en Barcelona, \u200b\u200by nuestra ubicaci\u00f3n actual, en la Garriga.<\/em><\/p>\n<p>El proyecto \u00abritmos y sonrisas\u00bb se inici\u00f3 el 26 de febrero y finaliz\u00f3 el 9 de abril. Durante este per\u00edodo, cada semana recorrimos 5 km, conjuntamente con nuestros educadores\/as, hasta sumar un total de 35 km.<\/p>\n<p>Estos 35 km simbolizan la distancia entre nuestros or\u00edgenes, en Barcelona, \u200b\u200by nuestra ubicaci\u00f3n actual, la Garriga. Con este recorrido, hemos querido representar el camino compartido a lo largo de estos 50 a\u00f1os.<\/p>\n<p>El d\u00eda del reto contamos con la participaci\u00f3n de voluntarios formados por EBSE de nuestra entidad, que trajeron las bicicletas adaptadas. Gracias a ello, las personas con movilidad reducida tambi\u00e9n pudieron formar parte de ese d\u00eda tan especial.<\/p>\n<p>Las bicicletas fueron posibles gracias a la colaboraci\u00f3n y las aportaciones de diversas entidades: <a href=\"https:\/\/dretssocials.gencat.cat\/ca\/inici\" target=\"_blank\" rel=\"noopener\">Drets Socials i Inclusi\u00f3 de la Generalitat de Catalunya<\/a>, la <a href=\"https:\/\/fundacionlacaixa.org\/ca\/programes-socials\" target=\"_blank\" rel=\"noopener\">Fundaci\u00f3 \u201cla Caixa\u201d<\/a>, la <a href=\"https:\/\/www.diba.cat\/ca\/inici\" target=\"_blank\" rel=\"noopener\">Diputaci\u00f3 de Barcelona<\/a>, la <a href=\"https:\/\/fundacioestabanell.cat\/es\/\" target=\"_blank\" rel=\"noopener\">Fundaci\u00f3 Estabanell<\/a>, la <a href=\"https:\/\/www.autismefundacio.com\/\" target=\"_blank\" rel=\"noopener\">Fundaci\u00f3 Congost Autisme<\/a> i el <a href=\"https:\/\/www.lestortugues.cat\/\" target=\"_blank\" rel=\"noopener\">Club d\u2019Atletisme les Tortugues<\/a>.<\/p>\n<p>Y para terminar, hicimos un buen aperitivo en las pistas de atletismo de la Garriga.<\/p>\n","protected":false},"excerpt":{"rendered":"<p>El 9 de abril logramos nuestro reto: completar 35 km, que simbolizan la distancia entre nuestros or\u00edgenes, en Barcelona, \u200b\u200by nuestra ubicaci\u00f3n actual, en la Garriga. El proyecto \u00abritmos y sonrisas\u00bb se inici\u00f3 el 26 de febrero y finaliz\u00f3 el 9 de abril. Durante este per\u00edodo, cada semana recorrimos 5 km, conjuntamente con nuestros educadores\/as,&hellip;<\/p>\n","protected":false},"author":1,"featured_media":53918,"comment_status":"closed","ping_status":"closed","sticky":false,"template":"","format":"standard","meta":{"footnotes":""},"categories":[22],"tags":[],"class_list":["post-53922","post","type-post","status-publish","format-standard","has-post-thumbnail","hentry","category-actualitat-2","category-22","description-off"],"yoast_head":"<!-- This site is optimized with the Yoast SEO plugin v27.4 - https:\/\/yoast.com\/product\/yoast-seo-wordpress\/ -->\n<title>Ritmes i somriures - Autisme la Garriga<\/title>\n<meta name=\"description\" content=\"El 9 de abril logramos nuestro reto: completar 35 km, que simbolizan la distancia entre nuestros or\u00edgenes, en Barcelona, \u200b\u200by nuestra ubicaci\u00f3n actual, en la Garriga.\" \/>\n<meta name=\"robots\" content=\"index, follow, max-snippet:-1, max-image-preview:large, max-video-preview:-1\" \/>\n<link rel=\"canonical\" href=\"https:\/\/www.autisme.com\/es\/ritmos-i-sonrisas\/\" \/>\n<meta property=\"og:locale\" content=\"es_ES\" \/>\n<meta property=\"og:type\" content=\"article\" \/>\n<meta property=\"og:title\" content=\"Ritmes i somriures - Autisme la Garriga\" \/>\n<meta property=\"og:description\" content=\"El 9 de abril logramos nuestro reto: completar 35 km, que simbolizan la distancia entre nuestros or\u00edgenes, en Barcelona, \u200b\u200by nuestra ubicaci\u00f3n actual, en la Garriga.\" \/>\n<meta property=\"og:url\" content=\"https:\/\/www.autisme.com\/es\/ritmos-i-sonrisas\/\" \/>\n<meta property=\"og:site_name\" content=\"Autisme la Garriga\" \/>\n<meta property=\"article:published_time\" content=\"2026-04-15T07:27:07+00:00\" \/>\n<meta property=\"article:modified_time\" content=\"2026-04-28T10:33:02+00:00\" \/>\n<meta property=\"og:image\" content=\"https:\/\/www.autisme.com\/wp-content\/uploads\/2026\/04\/Sortida-ritmes-i-somriures-1-scaled.jpg\" \/>\n\t<meta property=\"og:image:width\" content=\"2560\" \/>\n\t<meta property=\"og:image:height\" content=\"2560\" \/>\n\t<meta property=\"og:image:type\" content=\"image\/jpeg\" \/>\n<meta name=\"author\" content=\"autisme.com\" \/>\n<meta name=\"twitter:card\" content=\"summary_large_image\" \/>\n<meta name=\"twitter:label1\" content=\"Escrito por\" \/>\n\t<meta name=\"twitter:data1\" content=\"autisme.com\" \/>\n\t<meta name=\"twitter:label2\" content=\"Tiempo de lectura\" \/>\n\t<meta name=\"twitter:data2\" content=\"2 minutos\" \/>\n<script type=\"application\/ld+json\" class=\"yoast-schema-graph\">{\"@context\":\"https:\\\/\\\/schema.org\",\"@graph\":[{\"@type\":\"Article\",\"@id\":\"https:\\\/\\\/www.autisme.com\\\/es\\\/ritmos-i-sonrisas\\\/#article\",\"isPartOf\":{\"@id\":\"https:\\\/\\\/www.autisme.com\\\/es\\\/ritmos-i-sonrisas\\\/\"},\"author\":{\"name\":\"autisme.com\",\"@id\":\"https:\\\/\\\/www.autisme.com\\\/es\\\/#\\\/schema\\\/person\\\/068da86cb8b099939af2900fd1daf9a1\"},\"headline\":\"Ritmes i somriures\",\"datePublished\":\"2026-04-15T07:27:07+00:00\",\"dateModified\":\"2026-04-28T10:33:02+00:00\",\"mainEntityOfPage\":{\"@id\":\"https:\\\/\\\/www.autisme.com\\\/es\\\/ritmos-i-sonrisas\\\/\"},\"wordCount\":200,\"image\":{\"@id\":\"https:\\\/\\\/www.autisme.com\\\/es\\\/ritmos-i-sonrisas\\\/#primaryimage\"},\"thumbnailUrl\":\"https:\\\/\\\/www.autisme.com\\\/wp-content\\\/uploads\\\/2026\\\/04\\\/Sortida-ritmes-i-somriures-1-scaled.jpg\",\"articleSection\":[\"Actualitat\"],\"inLanguage\":\"es\"},{\"@type\":\"WebPage\",\"@id\":\"https:\\\/\\\/www.autisme.com\\\/es\\\/ritmos-i-sonrisas\\\/\",\"url\":\"https:\\\/\\\/www.autisme.com\\\/es\\\/ritmos-i-sonrisas\\\/\",\"name\":\"Ritmes i somriures - Autisme la Garriga\",\"isPartOf\":{\"@id\":\"https:\\\/\\\/www.autisme.com\\\/es\\\/#website\"},\"primaryImageOfPage\":{\"@id\":\"https:\\\/\\\/www.autisme.com\\\/es\\\/ritmos-i-sonrisas\\\/#primaryimage\"},\"image\":{\"@id\":\"https:\\\/\\\/www.autisme.com\\\/es\\\/ritmos-i-sonrisas\\\/#primaryimage\"},\"thumbnailUrl\":\"https:\\\/\\\/www.autisme.com\\\/wp-content\\\/uploads\\\/2026\\\/04\\\/Sortida-ritmes-i-somriures-1-scaled.jpg\",\"datePublished\":\"2026-04-15T07:27:07+00:00\",\"dateModified\":\"2026-04-28T10:33:02+00:00\",\"author\":{\"@id\":\"https:\\\/\\\/www.autisme.com\\\/es\\\/#\\\/schema\\\/person\\\/068da86cb8b099939af2900fd1daf9a1\"},\"description\":\"El 9 de abril logramos nuestro reto: completar 35 km, que simbolizan la distancia entre nuestros or\u00edgenes, en Barcelona, \u200b\u200by nuestra ubicaci\u00f3n actual, en la Garriga.\",\"breadcrumb\":{\"@id\":\"https:\\\/\\\/www.autisme.com\\\/es\\\/ritmos-i-sonrisas\\\/#breadcrumb\"},\"inLanguage\":\"es\",\"potentialAction\":[{\"@type\":\"ReadAction\",\"target\":[\"https:\\\/\\\/www.autisme.com\\\/es\\\/ritmos-i-sonrisas\\\/\"]}]},{\"@type\":\"ImageObject\",\"inLanguage\":\"es\",\"@id\":\"https:\\\/\\\/www.autisme.com\\\/es\\\/ritmos-i-sonrisas\\\/#primaryimage\",\"url\":\"https:\\\/\\\/www.autisme.com\\\/wp-content\\\/uploads\\\/2026\\\/04\\\/Sortida-ritmes-i-somriures-1-scaled.jpg\",\"contentUrl\":\"https:\\\/\\\/www.autisme.com\\\/wp-content\\\/uploads\\\/2026\\\/04\\\/Sortida-ritmes-i-somriures-1-scaled.jpg\",\"width\":2560,\"height\":2560,\"caption\":\"??????????????????????????????????????????????????????????????????????????????????????????????????????????????????????????????????????????????????????????????????????????????????????????????????????????????????????????????????????????????????????????????????????????????????????????????????????????????????????????????????????????????????????????????????????????????????????????????????????????????????????????????????????????????????????????????????????????????????????????????????????????????????????????????\"},{\"@type\":\"BreadcrumbList\",\"@id\":\"https:\\\/\\\/www.autisme.com\\\/es\\\/ritmos-i-sonrisas\\\/#breadcrumb\",\"itemListElement\":[{\"@type\":\"ListItem\",\"position\":1,\"name\":\"Inici\",\"item\":\"https:\\\/\\\/www.autisme.com\\\/es\\\/\"},{\"@type\":\"ListItem\",\"position\":2,\"name\":\"Ritmes i somriures\"}]},{\"@type\":\"WebSite\",\"@id\":\"https:\\\/\\\/www.autisme.com\\\/es\\\/#website\",\"url\":\"https:\\\/\\\/www.autisme.com\\\/es\\\/\",\"name\":\"Autisme la Garriga\",\"description\":\"\",\"potentialAction\":[{\"@type\":\"SearchAction\",\"target\":{\"@type\":\"EntryPoint\",\"urlTemplate\":\"https:\\\/\\\/www.autisme.com\\\/es\\\/?s={search_term_string}\"},\"query-input\":{\"@type\":\"PropertyValueSpecification\",\"valueRequired\":true,\"valueName\":\"search_term_string\"}}],\"inLanguage\":\"es\"},{\"@type\":\"Person\",\"@id\":\"https:\\\/\\\/www.autisme.com\\\/es\\\/#\\\/schema\\\/person\\\/068da86cb8b099939af2900fd1daf9a1\",\"name\":\"autisme.com\",\"image\":{\"@type\":\"ImageObject\",\"inLanguage\":\"es\",\"@id\":\"https:\\\/\\\/secure.gravatar.com\\\/avatar\\\/743ede46259318efc7b0b783aab3a074cfb77aceb9250f4924c6ea2f9ba8334d?s=96&d=mm&r=g\",\"url\":\"https:\\\/\\\/secure.gravatar.com\\\/avatar\\\/743ede46259318efc7b0b783aab3a074cfb77aceb9250f4924c6ea2f9ba8334d?s=96&d=mm&r=g\",\"contentUrl\":\"https:\\\/\\\/secure.gravatar.com\\\/avatar\\\/743ede46259318efc7b0b783aab3a074cfb77aceb9250f4924c6ea2f9ba8334d?s=96&d=mm&r=g\",\"caption\":\"autisme.com\"}}]}<\/script>\n<!-- \/ Yoast SEO plugin. -->","yoast_head_json":{"title":"Ritmes i somriures - Autisme la Garriga","description":"El 9 de abril logramos nuestro reto: completar 35 km, que simbolizan la distancia entre nuestros or\u00edgenes, en Barcelona, \u200b\u200by nuestra ubicaci\u00f3n actual, en la Garriga.","robots":{"index":"index","follow":"follow","max-snippet":"max-snippet:-1","max-image-preview":"max-image-preview:large","max-video-preview":"max-video-preview:-1"},"canonical":"https:\/\/www.autisme.com\/es\/ritmos-i-sonrisas\/","og_locale":"es_ES","og_type":"article","og_title":"Ritmes i somriures - Autisme la Garriga","og_description":"El 9 de abril logramos nuestro reto: completar 35 km, que simbolizan la distancia entre nuestros or\u00edgenes, en Barcelona, \u200b\u200by nuestra ubicaci\u00f3n actual, en la Garriga.","og_url":"https:\/\/www.autisme.com\/es\/ritmos-i-sonrisas\/","og_site_name":"Autisme la Garriga","article_published_time":"2026-04-15T07:27:07+00:00","article_modified_time":"2026-04-28T10:33:02+00:00","og_image":[{"width":2560,"height":2560,"url":"https:\/\/www.autisme.com\/wp-content\/uploads\/2026\/04\/Sortida-ritmes-i-somriures-1-scaled.jpg","type":"image\/jpeg"}],"author":"autisme.com","twitter_card":"summary_large_image","twitter_misc":{"Escrito por":"autisme.com","Tiempo de lectura":"2 minutos"},"schema":{"@context":"https:\/\/schema.org","@graph":[{"@type":"Article","@id":"https:\/\/www.autisme.com\/es\/ritmos-i-sonrisas\/#article","isPartOf":{"@id":"https:\/\/www.autisme.com\/es\/ritmos-i-sonrisas\/"},"author":{"name":"autisme.com","@id":"https:\/\/www.autisme.com\/es\/#\/schema\/person\/068da86cb8b099939af2900fd1daf9a1"},"headline":"Ritmes i somriures","datePublished":"2026-04-15T07:27:07+00:00","dateModified":"2026-04-28T10:33:02+00:00","mainEntityOfPage":{"@id":"https:\/\/www.autisme.com\/es\/ritmos-i-sonrisas\/"},"wordCount":200,"image":{"@id":"https:\/\/www.autisme.com\/es\/ritmos-i-sonrisas\/#primaryimage"},"thumbnailUrl":"https:\/\/www.autisme.com\/wp-content\/uploads\/2026\/04\/Sortida-ritmes-i-somriures-1-scaled.jpg","articleSection":["Actualitat"],"inLanguage":"es"},{"@type":"WebPage","@id":"https:\/\/www.autisme.com\/es\/ritmos-i-sonrisas\/","url":"https:\/\/www.autisme.com\/es\/ritmos-i-sonrisas\/","name":"Ritmes i somriures - Autisme la Garriga","isPartOf":{"@id":"https:\/\/www.autisme.com\/es\/#website"},"primaryImageOfPage":{"@id":"https:\/\/www.autisme.com\/es\/ritmos-i-sonrisas\/#primaryimage"},"image":{"@id":"https:\/\/www.autisme.com\/es\/ritmos-i-sonrisas\/#primaryimage"},"thumbnailUrl":"https:\/\/www.autisme.com\/wp-content\/uploads\/2026\/04\/Sortida-ritmes-i-somriures-1-scaled.jpg","datePublished":"2026-04-15T07:27:07+00:00","dateModified":"2026-04-28T10:33:02+00:00","author":{"@id":"https:\/\/www.autisme.com\/es\/#\/schema\/person\/068da86cb8b099939af2900fd1daf9a1"},"description":"El 9 de abril logramos nuestro reto: completar 35 km, que simbolizan la distancia entre nuestros or\u00edgenes, en Barcelona, \u200b\u200by nuestra ubicaci\u00f3n actual, en la Garriga.","breadcrumb":{"@id":"https:\/\/www.autisme.com\/es\/ritmos-i-sonrisas\/#breadcrumb"},"inLanguage":"es","potentialAction":[{"@type":"ReadAction","target":["https:\/\/www.autisme.com\/es\/ritmos-i-sonrisas\/"]}]},{"@type":"ImageObject","inLanguage":"es","@id":"https:\/\/www.autisme.com\/es\/ritmos-i-sonrisas\/#primaryimage","url":"https:\/\/www.autisme.com\/wp-content\/uploads\/2026\/04\/Sortida-ritmes-i-somriures-1-scaled.jpg","contentUrl":"https:\/\/www.autisme.com\/wp-content\/uploads\/2026\/04\/Sortida-ritmes-i-somriures-1-scaled.jpg","width":2560,"height":2560,"caption":"??????????????????????????????????????????????????????????????????????????????????????????????????????????????????????????????????????????????????????????????????????????????????????????????????????????????????????????????????????????????????????????????????????????????????????????????????????????????????????????????????????????????????????????????????????????????????????????????????????????????????????????????????????????????????????????????????????????????????????????????????????????????????????????????"},{"@type":"BreadcrumbList","@id":"https:\/\/www.autisme.com\/es\/ritmos-i-sonrisas\/#breadcrumb","itemListElement":[{"@type":"ListItem","position":1,"name":"Inici","item":"https:\/\/www.autisme.com\/es\/"},{"@type":"ListItem","position":2,"name":"Ritmes i somriures"}]},{"@type":"WebSite","@id":"https:\/\/www.autisme.com\/es\/#website","url":"https:\/\/www.autisme.com\/es\/","name":"Autisme la Garriga","description":"","potentialAction":[{"@type":"SearchAction","target":{"@type":"EntryPoint","urlTemplate":"https:\/\/www.autisme.com\/es\/?s={search_term_string}"},"query-input":{"@type":"PropertyValueSpecification","valueRequired":true,"valueName":"search_term_string"}}],"inLanguage":"es"},{"@type":"Person","@id":"https:\/\/www.autisme.com\/es\/#\/schema\/person\/068da86cb8b099939af2900fd1daf9a1","name":"autisme.com","image":{"@type":"ImageObject","inLanguage":"es","@id":"https:\/\/secure.gravatar.com\/avatar\/743ede46259318efc7b0b783aab3a074cfb77aceb9250f4924c6ea2f9ba8334d?s=96&d=mm&r=g","url":"https:\/\/secure.gravatar.com\/avatar\/743ede46259318efc7b0b783aab3a074cfb77aceb9250f4924c6ea2f9ba8334d?s=96&d=mm&r=g","contentUrl":"https:\/\/secure.gravatar.com\/avatar\/743ede46259318efc7b0b783aab3a074cfb77aceb9250f4924c6ea2f9ba8334d?s=96&d=mm&r=g","caption":"autisme.com"}}]}},"_links":{"self":[{"href":"https:\/\/www.autisme.com\/es\/wp-json\/wp\/v2\/posts\/53922","targetHints":{"allow":["GET"]}}],"collection":[{"href":"https:\/\/www.autisme.com\/es\/wp-json\/wp\/v2\/posts"}],"about":[{"href":"https:\/\/www.autisme.com\/es\/wp-json\/wp\/v2\/types\/post"}],"author":[{"embeddable":true,"href":"https:\/\/www.autisme.com\/es\/wp-json\/wp\/v2\/users\/1"}],"replies":[{"embeddable":true,"href":"https:\/\/www.autisme.com\/es\/wp-json\/wp\/v2\/comments?post=53922"}],"version-history":[{"count":2,"href":"https:\/\/www.autisme.com\/es\/wp-json\/wp\/v2\/posts\/53922\/revisions"}],"predecessor-version":[{"id":53924,"href":"https:\/\/www.autisme.com\/es\/wp-json\/wp\/v2\/posts\/53922\/revisions\/53924"}],"wp:featuredmedia":[{"embeddable":true,"href":"https:\/\/www.autisme.com\/es\/wp-json\/wp\/v2\/media\/53918"}],"wp:attachment":[{"href":"https:\/\/www.autisme.com\/es\/wp-json\/wp\/v2\/media?parent=53922"}],"wp:term":[{"taxonomy":"category","embeddable":true,"href":"https:\/\/www.autisme.com\/es\/wp-json\/wp\/v2\/categories?post=53922"},{"taxonomy":"post_tag","embeddable":true,"href":"https:\/\/www.autisme.com\/es\/wp-json\/wp\/v2\/tags?post=53922"}],"curies":[{"name":"wp","href":"https:\/\/api.w.org\/{rel}","templated":true}]}}