{"id":53929,"date":"2026-04-28T12:37:57","date_gmt":"2026-04-28T10:37:57","guid":{"rendered":"https:\/\/www.autisme.com\/presentacio-actes-50-aniversari\/"},"modified":"2026-04-28T12:40:36","modified_gmt":"2026-04-28T10:40:36","slug":"presentacion-actos-50-aniversario","status":"publish","type":"post","link":"https:\/\/www.autisme.com\/es\/presentacion-actos-50-aniversario\/","title":{"rendered":"Presentaci\u00f3n actos 50 aniversario"},"content":{"rendered":"<p><em><img loading=\"lazy\" decoding=\"async\" class=\"alignright wp-image-53926\" src=\"https:\/\/www.autisme.com\/wp-content\/uploads\/2026\/04\/Presentacio-actes-50-aniversari-300x300.jpg\" alt=\"\" width=\"400\" height=\"400\" srcset=\"https:\/\/www.autisme.com\/wp-content\/uploads\/2026\/04\/Presentacio-actes-50-aniversari-300x300.jpg 300w, https:\/\/www.autisme.com\/wp-content\/uploads\/2026\/04\/Presentacio-actes-50-aniversari-1024x1024.jpg 1024w, https:\/\/www.autisme.com\/wp-content\/uploads\/2026\/04\/Presentacio-actes-50-aniversari-150x150.jpg 150w, https:\/\/www.autisme.com\/wp-content\/uploads\/2026\/04\/Presentacio-actes-50-aniversari-768x768.jpg 768w, https:\/\/www.autisme.com\/wp-content\/uploads\/2026\/04\/Presentacio-actes-50-aniversari-1536x1536.jpg 1536w, https:\/\/www.autisme.com\/wp-content\/uploads\/2026\/04\/Presentacio-actes-50-aniversari-2048x2048.jpg 2048w\" sizes=\"auto, (max-width: 400px) 100vw, 400px\" \/><\/em><\/p>\n<p><em>El 11 de abril, en la casa Cau Blanc, dimos el pistoletazo de salida a los actos del 50 aniversario de autismo la garriga. Una celebraci\u00f3n para recordar el camino realizado y encarar el futuro con mucha ilusi\u00f3n.<\/em><\/p>\n<p>El 11 de abril nos reunimos en la casa Cau Blanc para dar el pistoletazo de salida a la presentaci\u00f3n de los actos del 50 aniversario de autismo la garriga.<\/p>\n<p>Cincuenta a\u00f1os son medio siglo de compromiso, aprendizajes, acompa\u00f1amiento a personas y familias que han hecho de esta entidad un lugar referente en t\u00e9rminos de autismo.<\/p>\n<p>Durante este camino hemos intentado contribuir a construir una sociedad m\u00e1s inclusiva.<\/p>\n<p>En este aniversario, miramos atr\u00e1s para recordar todo lo que hemos vivido y, tambi\u00e9n, para mirar el futuro con mucha ilusi\u00f3n, porque todav\u00eda nos quedan muchos retos por afrontar<\/p>\n<p>Queremos agradecer a todas las personas que han formado y forman parte de este camino: profesionales, familias, voluntariado, colaboradores. Sin su implicaci\u00f3n, nada de eso habr\u00eda sido posible.<\/p>\n<p>\u00a1Gracias por estar aqu\u00ed y por formar parte de esta historia!<\/p>\n<p><em>\u00a0<\/em><\/p>\n","protected":false},"excerpt":{"rendered":"<p>El 11 de abril, en la casa Cau Blanc, dimos el pistoletazo de salida a los actos del 50 aniversario de autismo la garriga. Una celebraci\u00f3n para recordar el camino realizado y encarar el futuro con mucha ilusi\u00f3n. El 11 de abril nos reunimos en la casa Cau Blanc para dar el pistoletazo de salida&hellip;<\/p>\n","protected":false},"author":1,"featured_media":53927,"comment_status":"closed","ping_status":"closed","sticky":false,"template":"","format":"standard","meta":{"footnotes":""},"categories":[22],"tags":[],"class_list":["post-53929","post","type-post","status-publish","format-standard","has-post-thumbnail","hentry","category-actualitat-2","category-22","description-off"],"yoast_head":"<!-- This site is optimized with the Yoast SEO plugin v27.4 - https:\/\/yoast.com\/product\/yoast-seo-wordpress\/ -->\n<title>Presentaci\u00f3n actos 50 aniversario - Autisme la Garriga<\/title>\n<meta name=\"description\" content=\"Iniciamos la presentaci\u00f3n de los actos del 50 aniversario de autisme la garriga.\" \/>\n<meta name=\"robots\" content=\"index, follow, max-snippet:-1, max-image-preview:large, max-video-preview:-1\" \/>\n<link rel=\"canonical\" href=\"https:\/\/www.autisme.com\/es\/presentacion-actos-50-aniversario\/\" \/>\n<meta property=\"og:locale\" content=\"es_ES\" \/>\n<meta property=\"og:type\" content=\"article\" \/>\n<meta property=\"og:title\" content=\"Presentaci\u00f3n actos 50 aniversario - Autisme la Garriga\" \/>\n<meta property=\"og:description\" content=\"Iniciamos la presentaci\u00f3n de los actos del 50 aniversario de autisme la garriga.\" \/>\n<meta property=\"og:url\" content=\"https:\/\/www.autisme.com\/es\/presentacion-actos-50-aniversario\/\" \/>\n<meta property=\"og:site_name\" content=\"Autisme la Garriga\" \/>\n<meta property=\"article:published_time\" content=\"2026-04-28T10:37:57+00:00\" \/>\n<meta property=\"article:modified_time\" content=\"2026-04-28T10:40:36+00:00\" \/>\n<meta property=\"og:image\" content=\"https:\/\/www.autisme.com\/wp-content\/uploads\/2026\/04\/Presentacio-actes-50-aniversari-scaled.jpg\" \/>\n\t<meta property=\"og:image:width\" content=\"2560\" \/>\n\t<meta property=\"og:image:height\" content=\"2560\" \/>\n\t<meta property=\"og:image:type\" content=\"image\/jpeg\" \/>\n<meta name=\"author\" content=\"autisme.com\" \/>\n<meta name=\"twitter:card\" content=\"summary_large_image\" \/>\n<meta name=\"twitter:label1\" content=\"Escrito por\" \/>\n\t<meta name=\"twitter:data1\" content=\"autisme.com\" \/>\n\t<meta name=\"twitter:label2\" content=\"Tiempo de lectura\" \/>\n\t<meta name=\"twitter:data2\" content=\"2 minutos\" \/>\n<script type=\"application\/ld+json\" class=\"yoast-schema-graph\">{\"@context\":\"https:\\\/\\\/schema.org\",\"@graph\":[{\"@type\":\"Article\",\"@id\":\"https:\\\/\\\/www.autisme.com\\\/es\\\/presentacion-actos-50-aniversario\\\/#article\",\"isPartOf\":{\"@id\":\"https:\\\/\\\/www.autisme.com\\\/es\\\/presentacion-actos-50-aniversario\\\/\"},\"author\":{\"name\":\"autisme.com\",\"@id\":\"https:\\\/\\\/www.autisme.com\\\/es\\\/#\\\/schema\\\/person\\\/068da86cb8b099939af2900fd1daf9a1\"},\"headline\":\"Presentaci\u00f3n actos 50 aniversario\",\"datePublished\":\"2026-04-28T10:37:57+00:00\",\"dateModified\":\"2026-04-28T10:40:36+00:00\",\"mainEntityOfPage\":{\"@id\":\"https:\\\/\\\/www.autisme.com\\\/es\\\/presentacion-actos-50-aniversario\\\/\"},\"wordCount\":187,\"image\":{\"@id\":\"https:\\\/\\\/www.autisme.com\\\/es\\\/presentacion-actos-50-aniversario\\\/#primaryimage\"},\"thumbnailUrl\":\"https:\\\/\\\/www.autisme.com\\\/wp-content\\\/uploads\\\/2026\\\/04\\\/Presentacio-actes-50-aniversari-scaled.jpg\",\"articleSection\":[\"Actualitat\"],\"inLanguage\":\"es\"},{\"@type\":\"WebPage\",\"@id\":\"https:\\\/\\\/www.autisme.com\\\/es\\\/presentacion-actos-50-aniversario\\\/\",\"url\":\"https:\\\/\\\/www.autisme.com\\\/es\\\/presentacion-actos-50-aniversario\\\/\",\"name\":\"Presentaci\u00f3n actos 50 aniversario - Autisme la Garriga\",\"isPartOf\":{\"@id\":\"https:\\\/\\\/www.autisme.com\\\/es\\\/#website\"},\"primaryImageOfPage\":{\"@id\":\"https:\\\/\\\/www.autisme.com\\\/es\\\/presentacion-actos-50-aniversario\\\/#primaryimage\"},\"image\":{\"@id\":\"https:\\\/\\\/www.autisme.com\\\/es\\\/presentacion-actos-50-aniversario\\\/#primaryimage\"},\"thumbnailUrl\":\"https:\\\/\\\/www.autisme.com\\\/wp-content\\\/uploads\\\/2026\\\/04\\\/Presentacio-actes-50-aniversari-scaled.jpg\",\"datePublished\":\"2026-04-28T10:37:57+00:00\",\"dateModified\":\"2026-04-28T10:40:36+00:00\",\"author\":{\"@id\":\"https:\\\/\\\/www.autisme.com\\\/es\\\/#\\\/schema\\\/person\\\/068da86cb8b099939af2900fd1daf9a1\"},\"description\":\"Iniciamos la presentaci\u00f3n de los actos del 50 aniversario de autisme la garriga.\",\"breadcrumb\":{\"@id\":\"https:\\\/\\\/www.autisme.com\\\/es\\\/presentacion-actos-50-aniversario\\\/#breadcrumb\"},\"inLanguage\":\"es\",\"potentialAction\":[{\"@type\":\"ReadAction\",\"target\":[\"https:\\\/\\\/www.autisme.com\\\/es\\\/presentacion-actos-50-aniversario\\\/\"]}]},{\"@type\":\"ImageObject\",\"inLanguage\":\"es\",\"@id\":\"https:\\\/\\\/www.autisme.com\\\/es\\\/presentacion-actos-50-aniversario\\\/#primaryimage\",\"url\":\"https:\\\/\\\/www.autisme.com\\\/wp-content\\\/uploads\\\/2026\\\/04\\\/Presentacio-actes-50-aniversari-scaled.jpg\",\"contentUrl\":\"https:\\\/\\\/www.autisme.com\\\/wp-content\\\/uploads\\\/2026\\\/04\\\/Presentacio-actes-50-aniversari-scaled.jpg\",\"width\":2560,\"height\":2560},{\"@type\":\"BreadcrumbList\",\"@id\":\"https:\\\/\\\/www.autisme.com\\\/es\\\/presentacion-actos-50-aniversario\\\/#breadcrumb\",\"itemListElement\":[{\"@type\":\"ListItem\",\"position\":1,\"name\":\"Inici\",\"item\":\"https:\\\/\\\/www.autisme.com\\\/es\\\/\"},{\"@type\":\"ListItem\",\"position\":2,\"name\":\"Presentaci\u00f3n actos 50 aniversario\"}]},{\"@type\":\"WebSite\",\"@id\":\"https:\\\/\\\/www.autisme.com\\\/es\\\/#website\",\"url\":\"https:\\\/\\\/www.autisme.com\\\/es\\\/\",\"name\":\"Autisme la Garriga\",\"description\":\"\",\"potentialAction\":[{\"@type\":\"SearchAction\",\"target\":{\"@type\":\"EntryPoint\",\"urlTemplate\":\"https:\\\/\\\/www.autisme.com\\\/es\\\/?s={search_term_string}\"},\"query-input\":{\"@type\":\"PropertyValueSpecification\",\"valueRequired\":true,\"valueName\":\"search_term_string\"}}],\"inLanguage\":\"es\"},{\"@type\":\"Person\",\"@id\":\"https:\\\/\\\/www.autisme.com\\\/es\\\/#\\\/schema\\\/person\\\/068da86cb8b099939af2900fd1daf9a1\",\"name\":\"autisme.com\",\"image\":{\"@type\":\"ImageObject\",\"inLanguage\":\"es\",\"@id\":\"https:\\\/\\\/secure.gravatar.com\\\/avatar\\\/743ede46259318efc7b0b783aab3a074cfb77aceb9250f4924c6ea2f9ba8334d?s=96&d=mm&r=g\",\"url\":\"https:\\\/\\\/secure.gravatar.com\\\/avatar\\\/743ede46259318efc7b0b783aab3a074cfb77aceb9250f4924c6ea2f9ba8334d?s=96&d=mm&r=g\",\"contentUrl\":\"https:\\\/\\\/secure.gravatar.com\\\/avatar\\\/743ede46259318efc7b0b783aab3a074cfb77aceb9250f4924c6ea2f9ba8334d?s=96&d=mm&r=g\",\"caption\":\"autisme.com\"}}]}<\/script>\n<!-- \/ Yoast SEO plugin. -->","yoast_head_json":{"title":"Presentaci\u00f3n actos 50 aniversario - Autisme la Garriga","description":"Iniciamos la presentaci\u00f3n de los actos del 50 aniversario de autisme la garriga.","robots":{"index":"index","follow":"follow","max-snippet":"max-snippet:-1","max-image-preview":"max-image-preview:large","max-video-preview":"max-video-preview:-1"},"canonical":"https:\/\/www.autisme.com\/es\/presentacion-actos-50-aniversario\/","og_locale":"es_ES","og_type":"article","og_title":"Presentaci\u00f3n actos 50 aniversario - Autisme la Garriga","og_description":"Iniciamos la presentaci\u00f3n de los actos del 50 aniversario de autisme la garriga.","og_url":"https:\/\/www.autisme.com\/es\/presentacion-actos-50-aniversario\/","og_site_name":"Autisme la Garriga","article_published_time":"2026-04-28T10:37:57+00:00","article_modified_time":"2026-04-28T10:40:36+00:00","og_image":[{"width":2560,"height":2560,"url":"https:\/\/www.autisme.com\/wp-content\/uploads\/2026\/04\/Presentacio-actes-50-aniversari-scaled.jpg","type":"image\/jpeg"}],"author":"autisme.com","twitter_card":"summary_large_image","twitter_misc":{"Escrito por":"autisme.com","Tiempo de lectura":"2 minutos"},"schema":{"@context":"https:\/\/schema.org","@graph":[{"@type":"Article","@id":"https:\/\/www.autisme.com\/es\/presentacion-actos-50-aniversario\/#article","isPartOf":{"@id":"https:\/\/www.autisme.com\/es\/presentacion-actos-50-aniversario\/"},"author":{"name":"autisme.com","@id":"https:\/\/www.autisme.com\/es\/#\/schema\/person\/068da86cb8b099939af2900fd1daf9a1"},"headline":"Presentaci\u00f3n actos 50 aniversario","datePublished":"2026-04-28T10:37:57+00:00","dateModified":"2026-04-28T10:40:36+00:00","mainEntityOfPage":{"@id":"https:\/\/www.autisme.com\/es\/presentacion-actos-50-aniversario\/"},"wordCount":187,"image":{"@id":"https:\/\/www.autisme.com\/es\/presentacion-actos-50-aniversario\/#primaryimage"},"thumbnailUrl":"https:\/\/www.autisme.com\/wp-content\/uploads\/2026\/04\/Presentacio-actes-50-aniversari-scaled.jpg","articleSection":["Actualitat"],"inLanguage":"es"},{"@type":"WebPage","@id":"https:\/\/www.autisme.com\/es\/presentacion-actos-50-aniversario\/","url":"https:\/\/www.autisme.com\/es\/presentacion-actos-50-aniversario\/","name":"Presentaci\u00f3n actos 50 aniversario - Autisme la Garriga","isPartOf":{"@id":"https:\/\/www.autisme.com\/es\/#website"},"primaryImageOfPage":{"@id":"https:\/\/www.autisme.com\/es\/presentacion-actos-50-aniversario\/#primaryimage"},"image":{"@id":"https:\/\/www.autisme.com\/es\/presentacion-actos-50-aniversario\/#primaryimage"},"thumbnailUrl":"https:\/\/www.autisme.com\/wp-content\/uploads\/2026\/04\/Presentacio-actes-50-aniversari-scaled.jpg","datePublished":"2026-04-28T10:37:57+00:00","dateModified":"2026-04-28T10:40:36+00:00","author":{"@id":"https:\/\/www.autisme.com\/es\/#\/schema\/person\/068da86cb8b099939af2900fd1daf9a1"},"description":"Iniciamos la presentaci\u00f3n de los actos del 50 aniversario de autisme la garriga.","breadcrumb":{"@id":"https:\/\/www.autisme.com\/es\/presentacion-actos-50-aniversario\/#breadcrumb"},"inLanguage":"es","potentialAction":[{"@type":"ReadAction","target":["https:\/\/www.autisme.com\/es\/presentacion-actos-50-aniversario\/"]}]},{"@type":"ImageObject","inLanguage":"es","@id":"https:\/\/www.autisme.com\/es\/presentacion-actos-50-aniversario\/#primaryimage","url":"https:\/\/www.autisme.com\/wp-content\/uploads\/2026\/04\/Presentacio-actes-50-aniversari-scaled.jpg","contentUrl":"https:\/\/www.autisme.com\/wp-content\/uploads\/2026\/04\/Presentacio-actes-50-aniversari-scaled.jpg","width":2560,"height":2560},{"@type":"BreadcrumbList","@id":"https:\/\/www.autisme.com\/es\/presentacion-actos-50-aniversario\/#breadcrumb","itemListElement":[{"@type":"ListItem","position":1,"name":"Inici","item":"https:\/\/www.autisme.com\/es\/"},{"@type":"ListItem","position":2,"name":"Presentaci\u00f3n actos 50 aniversario"}]},{"@type":"WebSite","@id":"https:\/\/www.autisme.com\/es\/#website","url":"https:\/\/www.autisme.com\/es\/","name":"Autisme la Garriga","description":"","potentialAction":[{"@type":"SearchAction","target":{"@type":"EntryPoint","urlTemplate":"https:\/\/www.autisme.com\/es\/?s={search_term_string}"},"query-input":{"@type":"PropertyValueSpecification","valueRequired":true,"valueName":"search_term_string"}}],"inLanguage":"es"},{"@type":"Person","@id":"https:\/\/www.autisme.com\/es\/#\/schema\/person\/068da86cb8b099939af2900fd1daf9a1","name":"autisme.com","image":{"@type":"ImageObject","inLanguage":"es","@id":"https:\/\/secure.gravatar.com\/avatar\/743ede46259318efc7b0b783aab3a074cfb77aceb9250f4924c6ea2f9ba8334d?s=96&d=mm&r=g","url":"https:\/\/secure.gravatar.com\/avatar\/743ede46259318efc7b0b783aab3a074cfb77aceb9250f4924c6ea2f9ba8334d?s=96&d=mm&r=g","contentUrl":"https:\/\/secure.gravatar.com\/avatar\/743ede46259318efc7b0b783aab3a074cfb77aceb9250f4924c6ea2f9ba8334d?s=96&d=mm&r=g","caption":"autisme.com"}}]}},"_links":{"self":[{"href":"https:\/\/www.autisme.com\/es\/wp-json\/wp\/v2\/posts\/53929","targetHints":{"allow":["GET"]}}],"collection":[{"href":"https:\/\/www.autisme.com\/es\/wp-json\/wp\/v2\/posts"}],"about":[{"href":"https:\/\/www.autisme.com\/es\/wp-json\/wp\/v2\/types\/post"}],"author":[{"embeddable":true,"href":"https:\/\/www.autisme.com\/es\/wp-json\/wp\/v2\/users\/1"}],"replies":[{"embeddable":true,"href":"https:\/\/www.autisme.com\/es\/wp-json\/wp\/v2\/comments?post=53929"}],"version-history":[{"count":2,"href":"https:\/\/www.autisme.com\/es\/wp-json\/wp\/v2\/posts\/53929\/revisions"}],"predecessor-version":[{"id":53931,"href":"https:\/\/www.autisme.com\/es\/wp-json\/wp\/v2\/posts\/53929\/revisions\/53931"}],"wp:featuredmedia":[{"embeddable":true,"href":"https:\/\/www.autisme.com\/es\/wp-json\/wp\/v2\/media\/53927"}],"wp:attachment":[{"href":"https:\/\/www.autisme.com\/es\/wp-json\/wp\/v2\/media?parent=53929"}],"wp:term":[{"taxonomy":"category","embeddable":true,"href":"https:\/\/www.autisme.com\/es\/wp-json\/wp\/v2\/categories?post=53929"},{"taxonomy":"post_tag","embeddable":true,"href":"https:\/\/www.autisme.com\/es\/wp-json\/wp\/v2\/tags?post=53929"}],"curies":[{"name":"wp","href":"https:\/\/api.w.org\/{rel}","templated":true}]}}