{"id":53954,"date":"2026-04-30T09:54:21","date_gmt":"2026-04-30T07:54:21","guid":{"rendered":"https:\/\/www.autisme.com\/jornada-de-portes-obertes-dautisme-la-garriga\/"},"modified":"2026-04-30T09:59:16","modified_gmt":"2026-04-30T07:59:16","slug":"jornada-de-puertas-abiertas-de-autisme-la-garriga","status":"publish","type":"post","link":"https:\/\/www.autisme.com\/es\/jornada-de-puertas-abiertas-de-autisme-la-garriga\/","title":{"rendered":"Jornada de puertas abiertas de autisme la garriga"},"content":{"rendered":"<p><em><img loading=\"lazy\" decoding=\"async\" class=\"alignright wp-image-53949\" src=\"https:\/\/www.autisme.com\/wp-content\/uploads\/2026\/04\/Portes-obertes-3-300x300.jpg\" alt=\"\" width=\"400\" height=\"400\" srcset=\"https:\/\/www.autisme.com\/wp-content\/uploads\/2026\/04\/Portes-obertes-3-300x300.jpg 300w, https:\/\/www.autisme.com\/wp-content\/uploads\/2026\/04\/Portes-obertes-3-1024x1024.jpg 1024w, https:\/\/www.autisme.com\/wp-content\/uploads\/2026\/04\/Portes-obertes-3-150x150.jpg 150w, https:\/\/www.autisme.com\/wp-content\/uploads\/2026\/04\/Portes-obertes-3-768x768.jpg 768w, https:\/\/www.autisme.com\/wp-content\/uploads\/2026\/04\/Portes-obertes-3-1536x1536.jpg 1536w, https:\/\/www.autisme.com\/wp-content\/uploads\/2026\/04\/Portes-obertes-3-2048x2048.jpg 2048w\" sizes=\"auto, (max-width: 400px) 100vw, 400px\" \/><\/em><\/p>\n<p><em>El domingo 12 de abril, autismo la garriga celebr\u00f3 por primera vez una jornada de puertas abiertas.<\/em><\/p>\n<p>El domingo 12 de abril, celebramos, por primera vez, la jornada de puertas abiertas de autismo la garriga.<\/p>\n<p>Fue una ma\u00f1ana muy especial, donde pudimos compartir con todas las personas que asistentes los servicios y las actividades que hacemos y ofrecemos, as\u00ed como realizar una visita por las instalaciones. Adem\u00e1s, pudimos disfrutar de chocolatada, cuenta cuentos y de m\u00fasica g\u00f3spel!<\/p>\n<p>Queremos dar las gracias a todas las personas que vinieron a conocernos y a mostrar inter\u00e9s por autismo la garriga.<\/p>\n<p><em>Tambi\u00e9n estamos muy agradecidos con:<\/em>\u00a0<a href=\"https:\/\/www.lagarriga.cat\/\" target=\"_blank\" rel=\"noopener\">Ajuntament de la Garriga<\/a>, <a href=\"https:\/\/www.visitalagarriga.cat\/\" target=\"_blank\" rel=\"noopener\">Visita la Garriga<\/a>, <a href=\"https:\/\/www.somlagarriga.cat\/\" target=\"_blank\" rel=\"noopener\">Som la Garriga<\/a>, <a href=\"https:\/\/www.radiosilenci.cat\/\" target=\"_blank\" rel=\"noopener\">Radio silenci<\/a>, <a href=\"https:\/\/www.instagram.com\/cinealhambra_lagarriga\/\" target=\"_blank\" rel=\"noopener\">cine alhambra<\/a>, <a href=\"https:\/\/turismevalles.com\/\" target=\"_blank\" rel=\"noopener\">turisme del Vall\u00e8s<\/a>, <a href=\"https:\/\/www.vivimdelcuentu.org\/\" target=\"_blank\" rel=\"noopener\">vivum del cuentu<\/a>, <a href=\"https:\/\/www.visitalagarriga.cat\/es\/itinerarios-y-patrimonio\/la-garriga-termal-y-modernista\" target=\"_blank\" rel=\"noopener\">la Garriga modernista<\/a>, <a href=\"https:\/\/www.instagram.com\/gospeljoylagarriga\/\" target=\"_blank\" rel=\"noopener\">GospelJoy de la Garriga<\/a> por acompa\u00f1arnos y ayudarnos a dar visibilidad a autisme la garriga.<\/p>\n","protected":false},"excerpt":{"rendered":"<p>El domingo 12 de abril, autismo la garriga celebr\u00f3 por primera vez una jornada de puertas abiertas. El domingo 12 de abril, celebramos, por primera vez, la jornada de puertas abiertas de autismo la garriga. Fue una ma\u00f1ana muy especial, donde pudimos compartir con todas las personas que asistentes los servicios y las actividades que&hellip;<\/p>\n","protected":false},"author":1,"featured_media":53952,"comment_status":"closed","ping_status":"closed","sticky":false,"template":"","format":"standard","meta":{"footnotes":""},"categories":[22],"tags":[],"class_list":["post-53954","post","type-post","status-publish","format-standard","has-post-thumbnail","hentry","category-actualitat-2","category-22","description-off"],"yoast_head":"<!-- This site is optimized with the Yoast SEO plugin v27.4 - https:\/\/yoast.com\/product\/yoast-seo-wordpress\/ -->\n<title>Jornada de puertas abiertas de autisme la garriga - Autisme la Garriga<\/title>\n<meta name=\"description\" content=\"Celebramos la jornada de puertas abiertas de autisme la garriga y pudimos disfrutar de chocolatada, cuenta cuentos y m\u00fasica gospel.\" \/>\n<meta name=\"robots\" content=\"index, follow, max-snippet:-1, max-image-preview:large, max-video-preview:-1\" \/>\n<link rel=\"canonical\" href=\"https:\/\/www.autisme.com\/es\/jornada-de-puertas-abiertas-de-autisme-la-garriga\/\" \/>\n<meta property=\"og:locale\" content=\"es_ES\" \/>\n<meta property=\"og:type\" content=\"article\" \/>\n<meta property=\"og:title\" content=\"Jornada de puertas abiertas de autisme la garriga - Autisme la Garriga\" \/>\n<meta property=\"og:description\" content=\"Celebramos la jornada de puertas abiertas de autisme la garriga y pudimos disfrutar de chocolatada, cuenta cuentos y m\u00fasica gospel.\" \/>\n<meta property=\"og:url\" content=\"https:\/\/www.autisme.com\/es\/jornada-de-puertas-abiertas-de-autisme-la-garriga\/\" \/>\n<meta property=\"og:site_name\" content=\"Autisme la Garriga\" \/>\n<meta property=\"article:published_time\" content=\"2026-04-30T07:54:21+00:00\" \/>\n<meta property=\"article:modified_time\" content=\"2026-04-30T07:59:16+00:00\" \/>\n<meta property=\"og:image\" content=\"https:\/\/www.autisme.com\/wp-content\/uploads\/2026\/04\/Portes-obertes-4-scaled.jpg\" \/>\n\t<meta property=\"og:image:width\" content=\"2560\" \/>\n\t<meta property=\"og:image:height\" content=\"2560\" \/>\n\t<meta property=\"og:image:type\" content=\"image\/jpeg\" \/>\n<meta name=\"author\" content=\"autisme.com\" \/>\n<meta name=\"twitter:card\" content=\"summary_large_image\" \/>\n<meta name=\"twitter:label1\" content=\"Escrito por\" \/>\n\t<meta name=\"twitter:data1\" content=\"autisme.com\" \/>\n\t<meta name=\"twitter:label2\" content=\"Tiempo de lectura\" \/>\n\t<meta name=\"twitter:data2\" content=\"2 minutos\" \/>\n<script type=\"application\/ld+json\" class=\"yoast-schema-graph\">{\"@context\":\"https:\\\/\\\/schema.org\",\"@graph\":[{\"@type\":\"Article\",\"@id\":\"https:\\\/\\\/www.autisme.com\\\/es\\\/jornada-de-puertas-abiertas-de-autisme-la-garriga\\\/#article\",\"isPartOf\":{\"@id\":\"https:\\\/\\\/www.autisme.com\\\/es\\\/jornada-de-puertas-abiertas-de-autisme-la-garriga\\\/\"},\"author\":{\"name\":\"autisme.com\",\"@id\":\"https:\\\/\\\/www.autisme.com\\\/es\\\/#\\\/schema\\\/person\\\/068da86cb8b099939af2900fd1daf9a1\"},\"headline\":\"Jornada de puertas abiertas de autisme la garriga\",\"datePublished\":\"2026-04-30T07:54:21+00:00\",\"dateModified\":\"2026-04-30T07:59:16+00:00\",\"mainEntityOfPage\":{\"@id\":\"https:\\\/\\\/www.autisme.com\\\/es\\\/jornada-de-puertas-abiertas-de-autisme-la-garriga\\\/\"},\"wordCount\":154,\"image\":{\"@id\":\"https:\\\/\\\/www.autisme.com\\\/es\\\/jornada-de-puertas-abiertas-de-autisme-la-garriga\\\/#primaryimage\"},\"thumbnailUrl\":\"https:\\\/\\\/www.autisme.com\\\/wp-content\\\/uploads\\\/2026\\\/04\\\/Portes-obertes-4-scaled.jpg\",\"articleSection\":[\"Actualitat\"],\"inLanguage\":\"es\"},{\"@type\":\"WebPage\",\"@id\":\"https:\\\/\\\/www.autisme.com\\\/es\\\/jornada-de-puertas-abiertas-de-autisme-la-garriga\\\/\",\"url\":\"https:\\\/\\\/www.autisme.com\\\/es\\\/jornada-de-puertas-abiertas-de-autisme-la-garriga\\\/\",\"name\":\"Jornada de puertas abiertas de autisme la garriga - Autisme la Garriga\",\"isPartOf\":{\"@id\":\"https:\\\/\\\/www.autisme.com\\\/es\\\/#website\"},\"primaryImageOfPage\":{\"@id\":\"https:\\\/\\\/www.autisme.com\\\/es\\\/jornada-de-puertas-abiertas-de-autisme-la-garriga\\\/#primaryimage\"},\"image\":{\"@id\":\"https:\\\/\\\/www.autisme.com\\\/es\\\/jornada-de-puertas-abiertas-de-autisme-la-garriga\\\/#primaryimage\"},\"thumbnailUrl\":\"https:\\\/\\\/www.autisme.com\\\/wp-content\\\/uploads\\\/2026\\\/04\\\/Portes-obertes-4-scaled.jpg\",\"datePublished\":\"2026-04-30T07:54:21+00:00\",\"dateModified\":\"2026-04-30T07:59:16+00:00\",\"author\":{\"@id\":\"https:\\\/\\\/www.autisme.com\\\/es\\\/#\\\/schema\\\/person\\\/068da86cb8b099939af2900fd1daf9a1\"},\"description\":\"Celebramos la jornada de puertas abiertas de autisme la garriga y pudimos disfrutar de chocolatada, cuenta cuentos y m\u00fasica gospel.\",\"breadcrumb\":{\"@id\":\"https:\\\/\\\/www.autisme.com\\\/es\\\/jornada-de-puertas-abiertas-de-autisme-la-garriga\\\/#breadcrumb\"},\"inLanguage\":\"es\",\"potentialAction\":[{\"@type\":\"ReadAction\",\"target\":[\"https:\\\/\\\/www.autisme.com\\\/es\\\/jornada-de-puertas-abiertas-de-autisme-la-garriga\\\/\"]}]},{\"@type\":\"ImageObject\",\"inLanguage\":\"es\",\"@id\":\"https:\\\/\\\/www.autisme.com\\\/es\\\/jornada-de-puertas-abiertas-de-autisme-la-garriga\\\/#primaryimage\",\"url\":\"https:\\\/\\\/www.autisme.com\\\/wp-content\\\/uploads\\\/2026\\\/04\\\/Portes-obertes-4-scaled.jpg\",\"contentUrl\":\"https:\\\/\\\/www.autisme.com\\\/wp-content\\\/uploads\\\/2026\\\/04\\\/Portes-obertes-4-scaled.jpg\",\"width\":2560,\"height\":2560,\"caption\":\"???????????????????????????????????????????????????????????????????????????????????????????????????????????????????????????????????????????????????????????????????????????????????????????????????????????????????????????????????????????????????????????????????????????????????????????????????????????????????????????????????????????????????????????????????????????????????????????????????????????????????????????????????????????????????????????????????????????????????????????????????????????????????????????????\"},{\"@type\":\"BreadcrumbList\",\"@id\":\"https:\\\/\\\/www.autisme.com\\\/es\\\/jornada-de-puertas-abiertas-de-autisme-la-garriga\\\/#breadcrumb\",\"itemListElement\":[{\"@type\":\"ListItem\",\"position\":1,\"name\":\"Inici\",\"item\":\"https:\\\/\\\/www.autisme.com\\\/es\\\/\"},{\"@type\":\"ListItem\",\"position\":2,\"name\":\"Jornada de puertas abiertas de autisme la garriga\"}]},{\"@type\":\"WebSite\",\"@id\":\"https:\\\/\\\/www.autisme.com\\\/es\\\/#website\",\"url\":\"https:\\\/\\\/www.autisme.com\\\/es\\\/\",\"name\":\"Autisme la Garriga\",\"description\":\"\",\"potentialAction\":[{\"@type\":\"SearchAction\",\"target\":{\"@type\":\"EntryPoint\",\"urlTemplate\":\"https:\\\/\\\/www.autisme.com\\\/es\\\/?s={search_term_string}\"},\"query-input\":{\"@type\":\"PropertyValueSpecification\",\"valueRequired\":true,\"valueName\":\"search_term_string\"}}],\"inLanguage\":\"es\"},{\"@type\":\"Person\",\"@id\":\"https:\\\/\\\/www.autisme.com\\\/es\\\/#\\\/schema\\\/person\\\/068da86cb8b099939af2900fd1daf9a1\",\"name\":\"autisme.com\",\"image\":{\"@type\":\"ImageObject\",\"inLanguage\":\"es\",\"@id\":\"https:\\\/\\\/secure.gravatar.com\\\/avatar\\\/743ede46259318efc7b0b783aab3a074cfb77aceb9250f4924c6ea2f9ba8334d?s=96&d=mm&r=g\",\"url\":\"https:\\\/\\\/secure.gravatar.com\\\/avatar\\\/743ede46259318efc7b0b783aab3a074cfb77aceb9250f4924c6ea2f9ba8334d?s=96&d=mm&r=g\",\"contentUrl\":\"https:\\\/\\\/secure.gravatar.com\\\/avatar\\\/743ede46259318efc7b0b783aab3a074cfb77aceb9250f4924c6ea2f9ba8334d?s=96&d=mm&r=g\",\"caption\":\"autisme.com\"}}]}<\/script>\n<!-- \/ Yoast SEO plugin. -->","yoast_head_json":{"title":"Jornada de puertas abiertas de autisme la garriga - Autisme la Garriga","description":"Celebramos la jornada de puertas abiertas de autisme la garriga y pudimos disfrutar de chocolatada, cuenta cuentos y m\u00fasica gospel.","robots":{"index":"index","follow":"follow","max-snippet":"max-snippet:-1","max-image-preview":"max-image-preview:large","max-video-preview":"max-video-preview:-1"},"canonical":"https:\/\/www.autisme.com\/es\/jornada-de-puertas-abiertas-de-autisme-la-garriga\/","og_locale":"es_ES","og_type":"article","og_title":"Jornada de puertas abiertas de autisme la garriga - Autisme la Garriga","og_description":"Celebramos la jornada de puertas abiertas de autisme la garriga y pudimos disfrutar de chocolatada, cuenta cuentos y m\u00fasica gospel.","og_url":"https:\/\/www.autisme.com\/es\/jornada-de-puertas-abiertas-de-autisme-la-garriga\/","og_site_name":"Autisme la Garriga","article_published_time":"2026-04-30T07:54:21+00:00","article_modified_time":"2026-04-30T07:59:16+00:00","og_image":[{"width":2560,"height":2560,"url":"https:\/\/www.autisme.com\/wp-content\/uploads\/2026\/04\/Portes-obertes-4-scaled.jpg","type":"image\/jpeg"}],"author":"autisme.com","twitter_card":"summary_large_image","twitter_misc":{"Escrito por":"autisme.com","Tiempo de lectura":"2 minutos"},"schema":{"@context":"https:\/\/schema.org","@graph":[{"@type":"Article","@id":"https:\/\/www.autisme.com\/es\/jornada-de-puertas-abiertas-de-autisme-la-garriga\/#article","isPartOf":{"@id":"https:\/\/www.autisme.com\/es\/jornada-de-puertas-abiertas-de-autisme-la-garriga\/"},"author":{"name":"autisme.com","@id":"https:\/\/www.autisme.com\/es\/#\/schema\/person\/068da86cb8b099939af2900fd1daf9a1"},"headline":"Jornada de puertas abiertas de autisme la garriga","datePublished":"2026-04-30T07:54:21+00:00","dateModified":"2026-04-30T07:59:16+00:00","mainEntityOfPage":{"@id":"https:\/\/www.autisme.com\/es\/jornada-de-puertas-abiertas-de-autisme-la-garriga\/"},"wordCount":154,"image":{"@id":"https:\/\/www.autisme.com\/es\/jornada-de-puertas-abiertas-de-autisme-la-garriga\/#primaryimage"},"thumbnailUrl":"https:\/\/www.autisme.com\/wp-content\/uploads\/2026\/04\/Portes-obertes-4-scaled.jpg","articleSection":["Actualitat"],"inLanguage":"es"},{"@type":"WebPage","@id":"https:\/\/www.autisme.com\/es\/jornada-de-puertas-abiertas-de-autisme-la-garriga\/","url":"https:\/\/www.autisme.com\/es\/jornada-de-puertas-abiertas-de-autisme-la-garriga\/","name":"Jornada de puertas abiertas de autisme la garriga - Autisme la Garriga","isPartOf":{"@id":"https:\/\/www.autisme.com\/es\/#website"},"primaryImageOfPage":{"@id":"https:\/\/www.autisme.com\/es\/jornada-de-puertas-abiertas-de-autisme-la-garriga\/#primaryimage"},"image":{"@id":"https:\/\/www.autisme.com\/es\/jornada-de-puertas-abiertas-de-autisme-la-garriga\/#primaryimage"},"thumbnailUrl":"https:\/\/www.autisme.com\/wp-content\/uploads\/2026\/04\/Portes-obertes-4-scaled.jpg","datePublished":"2026-04-30T07:54:21+00:00","dateModified":"2026-04-30T07:59:16+00:00","author":{"@id":"https:\/\/www.autisme.com\/es\/#\/schema\/person\/068da86cb8b099939af2900fd1daf9a1"},"description":"Celebramos la jornada de puertas abiertas de autisme la garriga y pudimos disfrutar de chocolatada, cuenta cuentos y m\u00fasica gospel.","breadcrumb":{"@id":"https:\/\/www.autisme.com\/es\/jornada-de-puertas-abiertas-de-autisme-la-garriga\/#breadcrumb"},"inLanguage":"es","potentialAction":[{"@type":"ReadAction","target":["https:\/\/www.autisme.com\/es\/jornada-de-puertas-abiertas-de-autisme-la-garriga\/"]}]},{"@type":"ImageObject","inLanguage":"es","@id":"https:\/\/www.autisme.com\/es\/jornada-de-puertas-abiertas-de-autisme-la-garriga\/#primaryimage","url":"https:\/\/www.autisme.com\/wp-content\/uploads\/2026\/04\/Portes-obertes-4-scaled.jpg","contentUrl":"https:\/\/www.autisme.com\/wp-content\/uploads\/2026\/04\/Portes-obertes-4-scaled.jpg","width":2560,"height":2560,"caption":"???????????????????????????????????????????????????????????????????????????????????????????????????????????????????????????????????????????????????????????????????????????????????????????????????????????????????????????????????????????????????????????????????????????????????????????????????????????????????????????????????????????????????????????????????????????????????????????????????????????????????????????????????????????????????????????????????????????????????????????????????????????????????????????????"},{"@type":"BreadcrumbList","@id":"https:\/\/www.autisme.com\/es\/jornada-de-puertas-abiertas-de-autisme-la-garriga\/#breadcrumb","itemListElement":[{"@type":"ListItem","position":1,"name":"Inici","item":"https:\/\/www.autisme.com\/es\/"},{"@type":"ListItem","position":2,"name":"Jornada de puertas abiertas de autisme la garriga"}]},{"@type":"WebSite","@id":"https:\/\/www.autisme.com\/es\/#website","url":"https:\/\/www.autisme.com\/es\/","name":"Autisme la Garriga","description":"","potentialAction":[{"@type":"SearchAction","target":{"@type":"EntryPoint","urlTemplate":"https:\/\/www.autisme.com\/es\/?s={search_term_string}"},"query-input":{"@type":"PropertyValueSpecification","valueRequired":true,"valueName":"search_term_string"}}],"inLanguage":"es"},{"@type":"Person","@id":"https:\/\/www.autisme.com\/es\/#\/schema\/person\/068da86cb8b099939af2900fd1daf9a1","name":"autisme.com","image":{"@type":"ImageObject","inLanguage":"es","@id":"https:\/\/secure.gravatar.com\/avatar\/743ede46259318efc7b0b783aab3a074cfb77aceb9250f4924c6ea2f9ba8334d?s=96&d=mm&r=g","url":"https:\/\/secure.gravatar.com\/avatar\/743ede46259318efc7b0b783aab3a074cfb77aceb9250f4924c6ea2f9ba8334d?s=96&d=mm&r=g","contentUrl":"https:\/\/secure.gravatar.com\/avatar\/743ede46259318efc7b0b783aab3a074cfb77aceb9250f4924c6ea2f9ba8334d?s=96&d=mm&r=g","caption":"autisme.com"}}]}},"_links":{"self":[{"href":"https:\/\/www.autisme.com\/es\/wp-json\/wp\/v2\/posts\/53954","targetHints":{"allow":["GET"]}}],"collection":[{"href":"https:\/\/www.autisme.com\/es\/wp-json\/wp\/v2\/posts"}],"about":[{"href":"https:\/\/www.autisme.com\/es\/wp-json\/wp\/v2\/types\/post"}],"author":[{"embeddable":true,"href":"https:\/\/www.autisme.com\/es\/wp-json\/wp\/v2\/users\/1"}],"replies":[{"embeddable":true,"href":"https:\/\/www.autisme.com\/es\/wp-json\/wp\/v2\/comments?post=53954"}],"version-history":[{"count":2,"href":"https:\/\/www.autisme.com\/es\/wp-json\/wp\/v2\/posts\/53954\/revisions"}],"predecessor-version":[{"id":53956,"href":"https:\/\/www.autisme.com\/es\/wp-json\/wp\/v2\/posts\/53954\/revisions\/53956"}],"wp:featuredmedia":[{"embeddable":true,"href":"https:\/\/www.autisme.com\/es\/wp-json\/wp\/v2\/media\/53952"}],"wp:attachment":[{"href":"https:\/\/www.autisme.com\/es\/wp-json\/wp\/v2\/media?parent=53954"}],"wp:term":[{"taxonomy":"category","embeddable":true,"href":"https:\/\/www.autisme.com\/es\/wp-json\/wp\/v2\/categories?post=53954"},{"taxonomy":"post_tag","embeddable":true,"href":"https:\/\/www.autisme.com\/es\/wp-json\/wp\/v2\/tags?post=53954"}],"curies":[{"name":"wp","href":"https:\/\/api.w.org\/{rel}","templated":true}]}}